{"id":52547,"date":"2023-03-08T07:18:50","date_gmt":"2023-03-08T13:18:50","guid":{"rendered":"http:\/\/www.zonaroja.com.mx\/?p=52547"},"modified":"2023-03-08T07:18:51","modified_gmt":"2023-03-08T13:18:51","slug":"asesinan-a-un-policia-poblano-en-la-region-mixteca-de-oaxaca","status":"publish","type":"post","link":"https:\/\/zonaroja.com.mx\/?p=52547","title":{"rendered":"Asesinan a un polic\u00eda poblano en la regi\u00f3n Mixteca de Oaxaca"},"content":{"rendered":"\n<p>Redacci\u00f3n\/Zona Roja. Foto: Cortes\u00eda<\/p>\n\n\n\n<p>Oaxaca de Ju\u00e1rez, Oax., a 8 de marzo de 2023.- Un elemento policiaco del estado de Puebla fue asesinado en la regi\u00f3n Mixteca de Oaxaca.<\/p>\n\n\n\n<p>Ayer por la tarde, el uniformado transitaba con su familia en la carretera que comunica de Huajuapan de Le\u00f3n a Acatl\u00e1n de Osorio, Puebla, a bordo de una camioneta marca Nissa, tipo X-Trail.<\/p>\n\n\n\n<p>No obstante, en jurisdicci\u00f3n del municipio de Zapotitl\u00e1n Palmas, fue alcanzado por sus agresores, que presuntamente lo ven\u00edan siguiendo desde el estado vecino, y lo agredieron a balazos.<\/p>\n\n\n\n<p>El polic\u00eda estatal, identificado como Francisco L., de 42 a\u00f1os de edad, recibi\u00f3 al menos dos disparos de arma de fuego, uno de ellos en la espalda.<\/p>\n\n\n\n<p>Param\u00e9dicos de la Cruz Roja Mexicana arribaron al sitio, le brindaron los primeros auxilios y lo trasladaron a un hospital de Huajuapan, donde horas despu\u00e9s perdi\u00f3 la vida.<\/p>\n\n\n\n<p>Hasta el momento no se tienen mayores indicios de la identidad del o los atacantes del grupo armado.<\/p>\n","protected":false},"excerpt":{"rendered":"<p>Redacci\u00f3n\/Zona Roja. Foto: Cortes\u00eda Oaxaca de Ju\u00e1rez, Oax., a 8 de marzo de 2023.- Un&hellip;<\/p>\n","protected":false},"author":2,"featured_media":52549,"comment_status":"closed","ping_status":"open","sticky":false,"template":"","format":"standard","meta":{"_lmt_disableupdate":"","_lmt_disable":"","_jetpack_memberships_contains_paid_content":false,"footnotes":""},"categories":[109,51],"tags":[3294],"class_list":["post-52547","post","type-post","status-publish","format-standard","has-post-thumbnail","hentry","category-minuto-a-minuto","category-zona-roja","tag-zapotitlan-palmas"],"jetpack_featured_media_url":"https:\/\/zonaroja.com.mx\/wp-content\/uploads\/2023\/03\/Asesinado-policia-de-Puebla-en-Zapotitlan.jpg","jetpack_sharing_enabled":true,"_links":{"self":[{"href":"https:\/\/zonaroja.com.mx\/index.php?rest_route=\/wp\/v2\/posts\/52547","targetHints":{"allow":["GET"]}}],"collection":[{"href":"https:\/\/zonaroja.com.mx\/index.php?rest_route=\/wp\/v2\/posts"}],"about":[{"href":"https:\/\/zonaroja.com.mx\/index.php?rest_route=\/wp\/v2\/types\/post"}],"author":[{"embeddable":true,"href":"https:\/\/zonaroja.com.mx\/index.php?rest_route=\/wp\/v2\/users\/2"}],"replies":[{"embeddable":true,"href":"https:\/\/zonaroja.com.mx\/index.php?rest_route=%2Fwp%2Fv2%2Fcomments&post=52547"}],"version-history":[{"count":1,"href":"https:\/\/zonaroja.com.mx\/index.php?rest_route=\/wp\/v2\/posts\/52547\/revisions"}],"predecessor-version":[{"id":52550,"href":"https:\/\/zonaroja.com.mx\/index.php?rest_route=\/wp\/v2\/posts\/52547\/revisions\/52550"}],"wp:featuredmedia":[{"embeddable":true,"href":"https:\/\/zonaroja.com.mx\/index.php?rest_route=\/wp\/v2\/media\/52549"}],"wp:attachment":[{"href":"https:\/\/zonaroja.com.mx\/index.php?rest_route=%2Fwp%2Fv2%2Fmedia&parent=52547"}],"wp:term":[{"taxonomy":"category","embeddable":true,"href":"https:\/\/zonaroja.com.mx\/index.php?rest_route=%2Fwp%2Fv2%2Fcategories&post=52547"},{"taxonomy":"post_tag","embeddable":true,"href":"https:\/\/zonaroja.com.mx\/index.php?rest_route=%2Fwp%2Fv2%2Ftags&post=52547"}],"curies":[{"name":"wp","href":"https:\/\/api.w.org\/{rel}","templated":true}]}}