{"id":5255,"date":"2019-10-29T19:23:52","date_gmt":"2019-10-30T01:23:52","guid":{"rendered":"https:\/\/www.zonaroja.com.mx\/?p=5255"},"modified":"2019-10-30T05:26:29","modified_gmt":"2019-10-30T11:26:29","slug":"denuncian-encarcelamiento-de-madre-y-sus-dos-hijos-menores-en-pueblo-mixe","status":"publish","type":"post","link":"https:\/\/zonaroja.com.mx\/?p=5255","title":{"rendered":"Denuncian encarcelamiento de madre y sus dos hijos menores en pueblo Mixe"},"content":{"rendered":"\n<p>Redacci\u00f3n\/Zona Roja.<\/p>\n\n\n\n<p>Oaxaca de Ju\u00e1rez, Oax., 29 de octubre de 2019.- Pobladores de San Juan Mazatl\u00e1n Mixe denunciaron el encarcelamiento de una mujer y sus dos hijos menores de edad.<\/p>\n\n\n\n<p>De acuerdo con la queja, el s\u00edndico Victoriano Cabrera orden\u00f3 encerrar a la madre con los menores, de dos y ocho a\u00f1os de edad, respectivamente, sin motivo alguno. <\/p>\n\n\n\n<p>Lo anterior sucedi\u00f3 el pasado fin de semana cuando ella reclam\u00f3 los motivos de que hayan encarcelado a su esposo Juan N.; a falta de respuestas, la se\u00f1ora Judith insisti\u00f3 y fue encarcelada por 24 horas. <\/p>\n\n\n\n<p>Tras pagar una multa de 15 mil pesos, la pareja y sus hijos fueron puestos en libertad; luego de ello acudieron a las oficinas de la Fiscal\u00eda General del Estado con sede en Mat\u00edas Romero para denunciar los hechos. <\/p>\n\n\n\n<p>San Juan Mazatl\u00e1n Mixe es un municipio de la regi\u00f3n Sierra Norte pero colindante con el Istmo de Tehuantepec<\/p>\n\n\n\n<p><\/p>\n","protected":false},"excerpt":{"rendered":"<p>Redacci\u00f3n\/Zona Roja. Oaxaca de Ju\u00e1rez, Oax., 29 de octubre de 2019.- Pobladores de San Juan&hellip;<\/p>\n","protected":false},"author":2,"featured_media":5257,"comment_status":"closed","ping_status":"open","sticky":false,"template":"","format":"standard","meta":{"_lmt_disableupdate":"","_lmt_disable":"","_jetpack_memberships_contains_paid_content":false,"footnotes":""},"categories":[109,47],"tags":[933],"class_list":["post-5255","post","type-post","status-publish","format-standard","has-post-thumbnail","hentry","category-minuto-a-minuto","category-zona-gris","tag-san-juan-mazatlan-mixe"],"jetpack_featured_media_url":"https:\/\/zonaroja.com.mx\/wp-content\/uploads\/2019\/10\/1bab98e2-e3a1-4112-8f83-184153a18ab3-1.jpg","jetpack_sharing_enabled":true,"_links":{"self":[{"href":"https:\/\/zonaroja.com.mx\/index.php?rest_route=\/wp\/v2\/posts\/5255","targetHints":{"allow":["GET"]}}],"collection":[{"href":"https:\/\/zonaroja.com.mx\/index.php?rest_route=\/wp\/v2\/posts"}],"about":[{"href":"https:\/\/zonaroja.com.mx\/index.php?rest_route=\/wp\/v2\/types\/post"}],"author":[{"embeddable":true,"href":"https:\/\/zonaroja.com.mx\/index.php?rest_route=\/wp\/v2\/users\/2"}],"replies":[{"embeddable":true,"href":"https:\/\/zonaroja.com.mx\/index.php?rest_route=%2Fwp%2Fv2%2Fcomments&post=5255"}],"version-history":[{"count":1,"href":"https:\/\/zonaroja.com.mx\/index.php?rest_route=\/wp\/v2\/posts\/5255\/revisions"}],"predecessor-version":[{"id":5256,"href":"https:\/\/zonaroja.com.mx\/index.php?rest_route=\/wp\/v2\/posts\/5255\/revisions\/5256"}],"wp:featuredmedia":[{"embeddable":true,"href":"https:\/\/zonaroja.com.mx\/index.php?rest_route=\/wp\/v2\/media\/5257"}],"wp:attachment":[{"href":"https:\/\/zonaroja.com.mx\/index.php?rest_route=%2Fwp%2Fv2%2Fmedia&parent=5255"}],"wp:term":[{"taxonomy":"category","embeddable":true,"href":"https:\/\/zonaroja.com.mx\/index.php?rest_route=%2Fwp%2Fv2%2Fcategories&post=5255"},{"taxonomy":"post_tag","embeddable":true,"href":"https:\/\/zonaroja.com.mx\/index.php?rest_route=%2Fwp%2Fv2%2Ftags&post=5255"}],"curies":[{"name":"wp","href":"https:\/\/api.w.org\/{rel}","templated":true}]}}