{"id":52551,"date":"2023-03-08T11:48:00","date_gmt":"2023-03-08T17:48:00","guid":{"rendered":"http:\/\/www.zonaroja.com.mx\/?p=52551"},"modified":"2023-03-08T07:52:29","modified_gmt":"2023-03-08T13:52:29","slug":"edil-de-xoxocotlan-inaugura-mas-obras-en-beneficio-de-cientos-de-familias","status":"publish","type":"post","link":"https:\/\/zonaroja.com.mx\/?p=52551","title":{"rendered":"Edil de Xoxocotl\u00e1n inaugura m\u00e1s obras en beneficio de cientos de familias"},"content":{"rendered":"\n<p>Redacci\u00f3n\/Zona Roja.<\/p>\n\n\n\n<p>Oaxaca de Ju\u00e1rez, Oax., a 8 de marzo de 2023.- El presidente municipal de Santa Cruz Xoxocotl\u00e1n, Inocente Castellanos, entreg\u00f3 la obra de 450 metros cuadrados de pavimentaci\u00f3n con concreto hidr\u00e1ulico y 40 metros lineales de muro de contenci\u00f3n en la calle R\u00edo Atoyac del fraccionamiento Riveras del Atoyac.<\/p>\n\n\n\n<p>\u00abEstamos demostrando con hechos que en este gobierno caminamos unidos y que nuestra prioridad est\u00e1n siendo las colonias, agencias y barrios que llevaban a\u00f1os de rezago\u00bb, indic\u00f3 el edil, conocido como \u201cChente\u201d Castellanos.<\/p>\n\n\n\n<p>Y es que cabe destacar que vecinos del fraccionamiento indicaron que llevaban m\u00e1s de 30 a\u00f1os sin recibir atenci\u00f3n a sus demandas ciudadanas, pues ning\u00fan otro gobierno anterior se hab\u00eda preocupado por mejorar sus condiciones de vida.<\/p>\n\n\n\n<p>Se\u00f1alaron que con la pavimentaci\u00f3n de la calle no s\u00f3lo se mejora el paso para sus veh\u00edculos, sino tambi\u00e9n para ambulancias, patrullas y servicios; adem\u00e1s, el muro de contenci\u00f3n les brinda la tranquilidad de la reducci\u00f3n de riesgos en temporada de lluvias y de accidentes.<\/p>\n\n\n\n<p>\u00abSeguimos trabajando por las familias xoxe\u00f1as, y vamos a priorizar m\u00e1s obras que contribuyan a que todos vivamos mejor, porque hoy tiene un gobierno amigo y solidario\u00bb, destac\u00f3 el presidente municipal.<\/p>\n","protected":false},"excerpt":{"rendered":"<p>Redacci\u00f3n\/Zona Roja. Oaxaca de Ju\u00e1rez, Oax., a 8 de marzo de 2023.- El presidente municipal&hellip;<\/p>\n","protected":false},"author":2,"featured_media":52513,"comment_status":"closed","ping_status":"open","sticky":false,"template":"","format":"standard","meta":{"_lmt_disableupdate":"","_lmt_disable":"","_jetpack_memberships_contains_paid_content":false,"footnotes":""},"categories":[109,46],"tags":[3066,133],"class_list":["post-52551","post","type-post","status-publish","format-standard","has-post-thumbnail","hentry","category-minuto-a-minuto","category-zona-blanca","tag-inocente-castellanos-alejos","tag-santa-cruz-xoxocotlan"],"jetpack_featured_media_url":"https:\/\/zonaroja.com.mx\/wp-content\/uploads\/2023\/03\/Inocente-Castellanos-inaigura-obra.jpg","jetpack_sharing_enabled":true,"_links":{"self":[{"href":"https:\/\/zonaroja.com.mx\/index.php?rest_route=\/wp\/v2\/posts\/52551","targetHints":{"allow":["GET"]}}],"collection":[{"href":"https:\/\/zonaroja.com.mx\/index.php?rest_route=\/wp\/v2\/posts"}],"about":[{"href":"https:\/\/zonaroja.com.mx\/index.php?rest_route=\/wp\/v2\/types\/post"}],"author":[{"embeddable":true,"href":"https:\/\/zonaroja.com.mx\/index.php?rest_route=\/wp\/v2\/users\/2"}],"replies":[{"embeddable":true,"href":"https:\/\/zonaroja.com.mx\/index.php?rest_route=%2Fwp%2Fv2%2Fcomments&post=52551"}],"version-history":[{"count":1,"href":"https:\/\/zonaroja.com.mx\/index.php?rest_route=\/wp\/v2\/posts\/52551\/revisions"}],"predecessor-version":[{"id":52552,"href":"https:\/\/zonaroja.com.mx\/index.php?rest_route=\/wp\/v2\/posts\/52551\/revisions\/52552"}],"wp:featuredmedia":[{"embeddable":true,"href":"https:\/\/zonaroja.com.mx\/index.php?rest_route=\/wp\/v2\/media\/52513"}],"wp:attachment":[{"href":"https:\/\/zonaroja.com.mx\/index.php?rest_route=%2Fwp%2Fv2%2Fmedia&parent=52551"}],"wp:term":[{"taxonomy":"category","embeddable":true,"href":"https:\/\/zonaroja.com.mx\/index.php?rest_route=%2Fwp%2Fv2%2Fcategories&post=52551"},{"taxonomy":"post_tag","embeddable":true,"href":"https:\/\/zonaroja.com.mx\/index.php?rest_route=%2Fwp%2Fv2%2Ftags&post=52551"}],"curies":[{"name":"wp","href":"https:\/\/api.w.org\/{rel}","templated":true}]}}