{"id":52558,"date":"2023-03-08T21:00:16","date_gmt":"2023-03-09T03:00:16","guid":{"rendered":"http:\/\/www.zonaroja.com.mx\/?p=52558"},"modified":"2023-03-08T21:00:17","modified_gmt":"2023-03-09T03:00:17","slug":"lucha-de-las-mujeres-no-solo-ha-consistido-en-tomar-las-calles-diputada","status":"publish","type":"post","link":"https:\/\/zonaroja.com.mx\/?p=52558","title":{"rendered":"Lucha de las mujeres no s\u00f3lo ha consistido en tomar las calles: diputada"},"content":{"rendered":"\n<p>Yuridiana Sosa\/Zona Roja.<\/p>\n\n\n\n<p>Oaxaca de Ju\u00e1rez, Oax., a 8 de marzo de 2023.- En la lucha de las mujeres en la defensa de sus derechos y la igualdad se hace indispensable visibilizar a quienes han dejado huella y abierto camino a futuras generaciones, coincidieron la diputada Mariana Ben\u00edtez Tiburcio y la doctora Margarita Dalton, esta \u00faltima merecedora del reconocimiento \u201cMar\u00eda Cristina Salmor\u00e1n\u201d.<\/p>\n\n\n\n<p>Para conmemorar el D\u00eda Internacional de la Mujer, el Congreso del Estado realiz\u00f3 hoy una sesi\u00f3n solemne para entregar por primera vez la distinci\u00f3n p\u00fablica a trav\u00e9s del cual se reconocer\u00e1 a las mujeres que se han dedicado a la defensa de los derechos de la mujer.<\/p>\n\n\n\n<p>La presidenta de la Comisi\u00f3n Permanente de Mujeres e Igualdad de G\u00e9nero de la 65 Legislatura, Ben\u00edtez Tiburcio, destac\u00f3 las caracter\u00edsticas que han distinguido la lucha de las mujeres para marcar verdaderos paradigmas en la historia.<\/p>\n\n\n\n<p>\u201cLa lucha de las mujeres contra la discriminaci\u00f3n, la desigualdad, la violencia machista y la opresi\u00f3n, no solo ha consistido en alzar la voz, en tomar las calles, en impulsar reformas legislativas, y promover pol\u00edticas p\u00fablicas hacia un cambio por la igualdad\u201d, se\u00f1al\u00f3.<\/p>\n\n\n\n<p>Ese camino, dijo, \u201ctambi\u00e9n atraviesa por visibilizar a aquellas mujeres que desde los distintos \u00e1mbitos en el mundo han hecho historia y abierto camino\u201d, y un ejemplo de ello son las dos oaxaque\u00f1as distinguidas este d\u00eda, la Ministra Mar\u00eda Cristina Salmor\u00e1n, nombrado as\u00ed el reconocimiento que se ha institucionalizado desde el Congreso de Oaxaca y el de Margarita Dalton. &nbsp;<\/p>\n\n\n\n<p>Ambas oaxaque\u00f1as marcaron, en cada una de sus \u00e9pocas, un mejor camino a las nuevas generaciones gracias a su entrega, energ\u00eda, conocimientos, trabajo, talento y esfuerzo en su servicio.<\/p>\n\n\n\n<p>Por su parte, Margarita Dalton Palomo enfatiz\u00f3 la importancia de visibilizar el nombre y las mujeres que han roto los paradigmas, pues as\u00ed como existen decenas de h\u00e9roes y l\u00edderes hist\u00f3ricos, hay mujeres que han hecho de M\u00e9xico un mejor pa\u00eds.<\/p>\n\n\n\n<p>La investigadora oaxaque\u00f1a agradeci\u00f3 este primer reconocimiento que lleva el nombre de una ilustre mexicana.\u00a0<\/p>\n\n\n\n<figure class=\"wp-block-embed is-type-rich is-provider-twitter wp-block-embed-twitter\"><div class=\"wp-block-embed__wrapper\">\n<div class=\"twitter-tweet\"><blockquote class=\"twitter-tweet\" data-lang=\"es\"><p lang=\"es\" dir=\"ltr\">2. Por su destacada trayectoria, la doctora Margarita Dalton Palomo fue galardonada hoy con la medalla \u201cMar\u00eda Cristina Salmor\u00e1n\u201d, que fue instituido en el <a href=\"https:\/\/twitter.com\/CongresoOaxaca_?ref_src=twsrc%5Etfw\">@CongresoOaxaca_<\/a> por primera vez, a iniciativa propuesta por la diputada <a href=\"https:\/\/twitter.com\/marianabenitezt?ref_src=twsrc%5Etfw\">@marianabenitezt<\/a>. <a href=\"https:\/\/t.co\/lEkGA7qRgM\">pic.twitter.com\/lEkGA7qRgM<\/a><\/p>&mdash; Zona Roja Oaxaca (@ZonaRoja_Oaxaca) <a href=\"https:\/\/twitter.com\/ZonaRoja_Oaxaca\/status\/1633553600818323459?ref_src=twsrc%5Etfw\">8 de marzo de 2023<\/a><\/blockquote><\/div>\n<\/div><\/figure>\n","protected":false},"excerpt":{"rendered":"<p>Yuridiana Sosa\/Zona Roja. Oaxaca de Ju\u00e1rez, Oax., a 8 de marzo de 2023.- En la&hellip;<\/p>\n","protected":false},"author":2,"featured_media":52559,"comment_status":"closed","ping_status":"open","sticky":false,"template":"","format":"standard","meta":{"_lmt_disableupdate":"","_lmt_disable":"","_jetpack_memberships_contains_paid_content":false,"footnotes":""},"categories":[1],"tags":[],"class_list":["post-52558","post","type-post","status-publish","format-standard","has-post-thumbnail","hentry","category-sin-categoria"],"jetpack_featured_media_url":"https:\/\/zonaroja.com.mx\/wp-content\/uploads\/2023\/03\/Mariana-Benitez-premio-Cristina-Salmoran.jpeg","jetpack_sharing_enabled":true,"_links":{"self":[{"href":"https:\/\/zonaroja.com.mx\/index.php?rest_route=\/wp\/v2\/posts\/52558","targetHints":{"allow":["GET"]}}],"collection":[{"href":"https:\/\/zonaroja.com.mx\/index.php?rest_route=\/wp\/v2\/posts"}],"about":[{"href":"https:\/\/zonaroja.com.mx\/index.php?rest_route=\/wp\/v2\/types\/post"}],"author":[{"embeddable":true,"href":"https:\/\/zonaroja.com.mx\/index.php?rest_route=\/wp\/v2\/users\/2"}],"replies":[{"embeddable":true,"href":"https:\/\/zonaroja.com.mx\/index.php?rest_route=%2Fwp%2Fv2%2Fcomments&post=52558"}],"version-history":[{"count":1,"href":"https:\/\/zonaroja.com.mx\/index.php?rest_route=\/wp\/v2\/posts\/52558\/revisions"}],"predecessor-version":[{"id":52560,"href":"https:\/\/zonaroja.com.mx\/index.php?rest_route=\/wp\/v2\/posts\/52558\/revisions\/52560"}],"wp:featuredmedia":[{"embeddable":true,"href":"https:\/\/zonaroja.com.mx\/index.php?rest_route=\/wp\/v2\/media\/52559"}],"wp:attachment":[{"href":"https:\/\/zonaroja.com.mx\/index.php?rest_route=%2Fwp%2Fv2%2Fmedia&parent=52558"}],"wp:term":[{"taxonomy":"category","embeddable":true,"href":"https:\/\/zonaroja.com.mx\/index.php?rest_route=%2Fwp%2Fv2%2Fcategories&post=52558"},{"taxonomy":"post_tag","embeddable":true,"href":"https:\/\/zonaroja.com.mx\/index.php?rest_route=%2Fwp%2Fv2%2Ftags&post=52558"}],"curies":[{"name":"wp","href":"https:\/\/api.w.org\/{rel}","templated":true}]}}