{"id":52562,"date":"2023-03-08T22:05:37","date_gmt":"2023-03-09T04:05:37","guid":{"rendered":"http:\/\/www.zonaroja.com.mx\/?p=52562"},"modified":"2023-03-08T22:05:39","modified_gmt":"2023-03-09T04:05:39","slug":"8m-oaxaca-entre-marchas-pacificas-y-vandalismo","status":"publish","type":"post","link":"https:\/\/zonaroja.com.mx\/?p=52562","title":{"rendered":"8M Oaxaca: entre marchas pac\u00edficas y vandalismo"},"content":{"rendered":"\n<p>Yuridiana Sosa\/Zona Roja<\/p>\n\n\n\n<p>Oaxaca de Ju\u00e1rez, Oax., a 8 de marzo de 2023.- \u201c\u00a1Y d\u00f3nde madres est\u00e1 la polic\u00eda! \u00a1Entendemos la lucha de las mujeres, pero a nosotros qui\u00e9n nos paga los da\u00f1os! \u00a1Qu\u00e9 culpa tenemos!\u201d.<\/p>\n\n\n\n<p>Los reclamos, al vaci\u00f3. Como vac\u00edo de autoridad vivi\u00f3 Oaxaca capital la tarde de este 8 de marzo, D\u00eda Internacional de la Mujer.<\/p>\n\n\n\n<p>Una de las cinco movilizaciones de la jornada, devino en m\u00faltiples actos vand\u00e1licos, con da\u00f1os a bancos, comercios, inmuebles privados, tiendas de conveniencia y hasta las oficinas de la Secretar\u00eda de Turismo y el Palacio de Gobierno.<\/p>\n\n\n\n<p>Y ning\u00fan polic\u00eda en la zona. La orden de la administraci\u00f3n de Salom\u00f3n Jara Cruz fue: nada. Ning\u00fan polic\u00eda en la calle.<\/p>\n\n\n\n<p>S\u00f3lo la sede del Poder Ejecutivo estuvo repleta de uniformados, desde la noche de ayer, en posible respuesta represiva ante las manifestaciones, como ya lo hicieron en dos ocasiones. Pero no.<\/p>\n\n\n\n<p>A eso de las cuatro de la tarde inici\u00f3 la \u00faltima marcha del d\u00eda, en la fuente de las Ocho Regiones. A paso lento y en ocasiones detenida, para cobijar los saqueos y da\u00f1os, la movilizaci\u00f3n tard\u00f3 al menos dos horas para llegar al z\u00f3calo.<\/p>\n\n\n\n<p>Pero en el trayecto, gritos de rabia, de desesperaci\u00f3n, de coraje. De impotencia ante la falta de autoridad para resguardar a los otros, aquellos que generan empleos y productividad.<\/p>\n\n\n\n<p>\u201c\u00a1A qui\u00e9n madres le vamos a cobrar los vidrios rotos y la mercanc\u00eda robada!\u201d, los gritos al cielo. La autoridad, por los suelos.\u00a0<\/p>\n\n\n\n<figure class=\"wp-block-embed is-type-rich is-provider-twitter wp-block-embed-twitter\"><div class=\"wp-block-embed__wrapper\">\n<div class=\"twitter-tweet\"><blockquote class=\"twitter-tweet\" data-lang=\"es\"><p lang=\"es\" dir=\"ltr\"><a href=\"https:\/\/twitter.com\/hashtag\/%C3%9AltimoMinuto?src=hash&amp;ref_src=twsrc%5Etfw\">#\u00daltimoMinuto<\/a><br>Los destrozos de la marcha de colectivos feministas llegan al Palacio de Gobierno de Oaxaca.<br>Desde el interior, polic\u00edas les echan gas y las j\u00f3venes corren. <a href=\"https:\/\/twitter.com\/hashtag\/8M?src=hash&amp;ref_src=twsrc%5Etfw\">#8M<\/a><a href=\"https:\/\/twitter.com\/hashtag\/D%C3%ADaInternacionalDeLaMujer?src=hash&amp;ref_src=twsrc%5Etfw\">#D\u00edaInternacionalDeLaMujer<\/a> <a href=\"https:\/\/t.co\/guHlR3a6Wr\">pic.twitter.com\/guHlR3a6Wr<\/a><\/p>&mdash; Zona Roja Oaxaca (@ZonaRoja_Oaxaca) <a href=\"https:\/\/twitter.com\/ZonaRoja_Oaxaca\/status\/1633632711738003457?ref_src=twsrc%5Etfw\">9 de marzo de 2023<\/a><\/blockquote><\/div>\n<\/div><\/figure>\n\n\n\n<p>TAMBI\u00c9N NI\u00d1AS Y NI\u00d1OS<\/p>\n\n\n\n<p>\u00a1Lucha, lucha, lucha, no dejes de luchar, porque ni\u00f1as y ni\u00f1os jueguen en libertad!, gritaron ni\u00f1as y madres que este d\u00eda decidieron alzar la voz para exigir en Oaxaca un cese a la violencia contra las infancias.<\/p>\n\n\n\n<p>Portando prendas alusivas al movimiento, felices y decididas, las ni\u00f1as oaxaque\u00f1as encabezaron una de las primeras movilizaciones por el D\u00eda Internacional de la Mujer, de m\u00e1s de una decena de actividades que este mi\u00e9rcoles se realizaron.<\/p>\n\n\n\n<p>Acompa\u00f1adas por sus madres y algunos pap\u00e1s las peque\u00f1as caminaron sobre el andador Macedonio Alcal\u00e1, del jard\u00edn Carbajal al jard\u00edn Labastida, para visibilizar sus peticiones ante una entidad cada vez m\u00e1s insegura para las infancias, por lo que exigen poder ser ni\u00f1as y ni\u00f1os libres, seguros y en igualdad.<\/p>\n\n\n\n<p>En coro, ni\u00f1as y adultas gritaron consignas como \u201c\u00a1Infancias conscientes, al frente del contingente!\u201d, \u201c\u00a1Las madres valientes caminan siempre al frente!\u201d, mientras otras m\u00e1s se le\u00edan a trav\u00e9s de sus carteles.<\/p>\n\n\n\n<p>\u201cLas ni\u00f1as no se tocan, las ni\u00f1as no se violan, las ni\u00f1as no se venden, las ni\u00f1as no se matan, ni una m\u00e1s\u201d, se le\u00eda en los carteles de la denominada mini marcha, la cual fue convocada por el colectivo \u201cHojita de lim\u00f3n\u201d.<\/p>\n\n\n\n<figure class=\"wp-block-embed is-type-rich is-provider-twitter wp-block-embed-twitter\"><div class=\"wp-block-embed__wrapper\">\n<div class=\"twitter-tweet\"><blockquote class=\"twitter-tweet\" data-lang=\"es\"><p lang=\"es\" dir=\"ltr\"><a href=\"https:\/\/twitter.com\/hashtag\/ENVIVO?src=hash&amp;ref_src=twsrc%5Etfw\">#ENVIVO<\/a><br>Oaxaca de Ju\u00e1rez, Oax., a 8 de marzo del 2023.- En el marco del <a href=\"https:\/\/twitter.com\/hashtag\/8M?src=hash&amp;ref_src=twsrc%5Etfw\">#8M<\/a><a href=\"https:\/\/twitter.com\/hashtag\/D%C3%ADaInternacionalDeLaMujer?src=hash&amp;ref_src=twsrc%5Etfw\">#D\u00edaInternacionalDeLaMujer<\/a> hay otra marcha de feministas; a su paso ya se registran destrozaos.<br>Aqu\u00ed la transmisi\u00f3n:<br>\ud83d\udc47<a href=\"https:\/\/t.co\/N6wUDs5XHG\">https:\/\/t.co\/N6wUDs5XHG<\/a> <a href=\"https:\/\/t.co\/u4EoRs89Ni\">pic.twitter.com\/u4EoRs89Ni<\/a><\/p>&mdash; Zona Roja Oaxaca (@ZonaRoja_Oaxaca) <a href=\"https:\/\/twitter.com\/ZonaRoja_Oaxaca\/status\/1633614477299187712?ref_src=twsrc%5Etfw\">8 de marzo de 2023<\/a><\/blockquote><\/div>\n<\/div><\/figure>\n\n\n\n<p>NO HAY PRIMAVERA<\/p>\n\n\n\n<p>Diversos colectivos y organizaciones llegaron hasta Palacio de Gobierno para visibilizar, frente a la sede del Poder ejecutivo de Oaxaca, el terrible panorama que vive la entidad en materia de violencia.<\/p>\n\n\n\n<p>\u201cOaxaca feminicida\u201d, condena una mega manta que cubre todo el frente del Palacio, la cual fue colocada sobre las vallas met\u00e1licas que el gobierno instal\u00f3 para proteger al inmueble ante cualquier acto de vandalismo.<\/p>\n\n\n\n<p>Las mujeres comenzaron su actividad con la siembra de plantas en las jardineras del z\u00f3calo de la ciudad, las cuales representan la vida de las oaxaque\u00f1as desaparecidas y asesinadas, as\u00ed como con la esperanza de que florezca la justicia en cada uno de los casos.<\/p>\n\n\n\n<p>\u201c!Si tocan a una respondemos todas!\u201d,\u201d!Justicia para todas!\u201d, gritaron en un\u00edsono las oaxaque\u00f1as, quienes no dejaron condenar la complicidad de los poderes del estado y la impunidad desde la Fiscal\u00eda General del Estado desde hace tres sexenios, la cual, apuntaron, es cr\u00edtica ante la transici\u00f3n de Arturo Peimbert a Bernardo Rodr\u00edguez Alamilla, primero en la Defensor\u00eda de los Derechos Humanos del Pueblo de Oaxaca y luego en la Fiscal\u00eda.<\/p>\n\n\n\n<p>Sentenciaron que no dejar\u00e1 de exigir a los tres niveles de gobierno que cumplan con sus funciones en materia de protecci\u00f3n a las mujeres.<\/p>\n\n\n\n<p>El grupo Consorcio Oaxaca denunci\u00f3 que tan s\u00f3lo en lo que va del gobierno de Salom\u00f3n Jara Cruz han registrado 200 agresiones en contra de las mujeres, de las cuales,28 son delitos sexuales, 109 desapariciones, cuatro suicidios, 21 casos de violencia familiar y m\u00e1s de 40 feminicidios.<\/p>\n\n\n\n<figure class=\"wp-block-embed is-type-rich is-provider-twitter wp-block-embed-twitter\"><div class=\"wp-block-embed__wrapper\">\n<div class=\"twitter-tweet\"><blockquote class=\"twitter-tweet\" data-lang=\"es\"><p lang=\"es\" dir=\"ltr\"><a href=\"https:\/\/twitter.com\/hashtag\/8M?src=hash&amp;ref_src=twsrc%5Etfw\">#8M<\/a><a href=\"https:\/\/twitter.com\/hashtag\/D%C3%ADaInternacionalDeLaMujer?src=hash&amp;ref_src=twsrc%5Etfw\">#D\u00edaInternacionalDeLaMujer<\/a><br>1. Ni\u00f1as y ni\u00f1os de la asociaci\u00f3n \u201cHojita de Lim\u00f3n\u201d marcharon este d\u00eda en el Centro Hist\u00f3rico de la ciudad de Oaxaca, para exigir respeto a sus derechos y a su integridad f\u00edsica. <br>\ud83d\udc4f\ud83d\udc4f\ud83d\udc4f\ud83d\udc4f\ud83d\udc4f <a href=\"https:\/\/t.co\/G1Hv3CKO9M\">pic.twitter.com\/G1Hv3CKO9M<\/a><\/p>&mdash; Zona Roja Oaxaca (@ZonaRoja_Oaxaca) <a href=\"https:\/\/twitter.com\/ZonaRoja_Oaxaca\/status\/1633539936681877514?ref_src=twsrc%5Etfw\">8 de marzo de 2023<\/a><\/blockquote><\/div>\n<\/div><\/figure>\n\n\n\n<p>M\u00c1S MARCHAS Y HUELGA DE HAMBRE<\/p>\n\n\n\n<p>Desde primeras horas del d\u00eda, un grupo de mujeres que integran el colectivo \u201cViolencia por ser Mujer\u201d iniciaron una huelga de hambre en protesta por la violencia e impunidad en los casos de feminicidio y agresiones contra las oaxaque\u00f1as.<\/p>\n\n\n\n<p>Las mujeres exigieron atenci\u00f3n del gobierno para poder entregar un pliego de demandas, pues en lo que va de la actual administraci\u00f3n no han tenido di\u00e1logo con las autoridades.<\/p>\n\n\n\n<p>M\u00e1s tarde, pegaron sobre algunas paredes al exterior del palacio est\u00e9nciles alusivos al ocho de marzo.<\/p>\n\n\n\n<p>En tanto, en otro extremo, las integrantes de la Secci\u00f3n 22 del Sindicato Nacional de Trabajadores de la Educaci\u00f3n (SNTE), acompa\u00f1adas por mujeres triquis, marcharon de la calzada Madero, en inmediaciones del Monumento a la Madre, al z\u00f3calo de la capital.<\/p>\n\n\n\n<p>\u201c\u00a1Ni una m\u00e1s, ni una m\u00e1s, ni una asesinada m\u00e1s!\u201d, consignaron las docentes y trabajadoras de la educaci\u00f3n, gremio que tambi\u00e9n se ha sumado a la lista de mujeres asesinadas y agredidas por raz\u00f3n de g\u00e9nero.<\/p>\n\n\n\n<p>Al paso, algunas integrantes realizaron pintas de justicia en alguno inmuebles p\u00fablicos y privados, sin que se registraran mayores da\u00f1os.<\/p>\n\n\n\n<p>Cerca del mediod\u00eda, y en su tercer d\u00eda consecutivo de protesta frente a Palacio de Gobierno, integrantes del Consejo Ind\u00edgena Popular de Oaxaca (CIPO) denominadas \u201cmujeres magonistas\u201d, marcharon de la Fuente de las Ocho Regiones al z\u00f3calo, como parte de sus actividades programas por el \u201c8M\u201d.<\/p>\n\n\n\n<figure class=\"wp-block-embed is-type-rich is-provider-twitter wp-block-embed-twitter\"><div class=\"wp-block-embed__wrapper\">\n<div class=\"twitter-tweet\"><blockquote class=\"twitter-tweet\" data-lang=\"es\"><p lang=\"es\" dir=\"ltr\"><a href=\"https:\/\/twitter.com\/hashtag\/8M?src=hash&amp;ref_src=twsrc%5Etfw\">#8M<\/a><a href=\"https:\/\/twitter.com\/hashtag\/D%C3%ADaInternacionalDeLaMujer?src=hash&amp;ref_src=twsrc%5Etfw\">#D\u00edaInternacionalDeLaMujer<\/a><br>A temprana hora iniciaron las protestas este mi\u00e9rcoles en <a href=\"https:\/\/twitter.com\/hashtag\/Oaxaca?src=hash&amp;ref_src=twsrc%5Etfw\">#Oaxaca<\/a>, con una huelga de hambre frente al Palacio de Gobierno, por parte del colectivo \u201cViolencia por ser Mujer\u201d. <a href=\"https:\/\/t.co\/Snij3tXE5G\">pic.twitter.com\/Snij3tXE5G<\/a><\/p>&mdash; Zona Roja Oaxaca (@ZonaRoja_Oaxaca) <a href=\"https:\/\/twitter.com\/ZonaRoja_Oaxaca\/status\/1633474278699020291?ref_src=twsrc%5Etfw\">8 de marzo de 2023<\/a><\/blockquote><\/div>\n<\/div><\/figure>\n","protected":false},"excerpt":{"rendered":"<p>Yuridiana Sosa\/Zona Roja Oaxaca de Ju\u00e1rez, Oax., a 8 de marzo de 2023.- \u201c\u00a1Y d\u00f3nde&hellip;<\/p>\n","protected":false},"author":2,"featured_media":52563,"comment_status":"closed","ping_status":"open","sticky":false,"template":"","format":"standard","meta":{"_lmt_disableupdate":"","_lmt_disable":"","_jetpack_memberships_contains_paid_content":false,"footnotes":""},"categories":[109,47],"tags":[1472],"class_list":["post-52562","post","type-post","status-publish","format-standard","has-post-thumbnail","hentry","category-minuto-a-minuto","category-zona-gris","tag-dia-internacional-de-la-mujer-en-oaxaca"],"jetpack_featured_media_url":"https:\/\/zonaroja.com.mx\/wp-content\/uploads\/2023\/03\/Marcha-feministas-Oaxaca.jpg","jetpack_sharing_enabled":true,"_links":{"self":[{"href":"https:\/\/zonaroja.com.mx\/index.php?rest_route=\/wp\/v2\/posts\/52562","targetHints":{"allow":["GET"]}}],"collection":[{"href":"https:\/\/zonaroja.com.mx\/index.php?rest_route=\/wp\/v2\/posts"}],"about":[{"href":"https:\/\/zonaroja.com.mx\/index.php?rest_route=\/wp\/v2\/types\/post"}],"author":[{"embeddable":true,"href":"https:\/\/zonaroja.com.mx\/index.php?rest_route=\/wp\/v2\/users\/2"}],"replies":[{"embeddable":true,"href":"https:\/\/zonaroja.com.mx\/index.php?rest_route=%2Fwp%2Fv2%2Fcomments&post=52562"}],"version-history":[{"count":1,"href":"https:\/\/zonaroja.com.mx\/index.php?rest_route=\/wp\/v2\/posts\/52562\/revisions"}],"predecessor-version":[{"id":52564,"href":"https:\/\/zonaroja.com.mx\/index.php?rest_route=\/wp\/v2\/posts\/52562\/revisions\/52564"}],"wp:featuredmedia":[{"embeddable":true,"href":"https:\/\/zonaroja.com.mx\/index.php?rest_route=\/wp\/v2\/media\/52563"}],"wp:attachment":[{"href":"https:\/\/zonaroja.com.mx\/index.php?rest_route=%2Fwp%2Fv2%2Fmedia&parent=52562"}],"wp:term":[{"taxonomy":"category","embeddable":true,"href":"https:\/\/zonaroja.com.mx\/index.php?rest_route=%2Fwp%2Fv2%2Fcategories&post=52562"},{"taxonomy":"post_tag","embeddable":true,"href":"https:\/\/zonaroja.com.mx\/index.php?rest_route=%2Fwp%2Fv2%2Ftags&post=52562"}],"curies":[{"name":"wp","href":"https:\/\/api.w.org\/{rel}","templated":true}]}}