{"id":52568,"date":"2023-03-09T06:50:02","date_gmt":"2023-03-09T12:50:02","guid":{"rendered":"http:\/\/www.zonaroja.com.mx\/?p=52568"},"modified":"2023-03-09T06:50:04","modified_gmt":"2023-03-09T12:50:04","slug":"decenas-de-miles-toman-calles-de-la-cdmx-contra-las-violencias-machistas","status":"publish","type":"post","link":"https:\/\/zonaroja.com.mx\/?p=52568","title":{"rendered":"Decenas de miles toman calles de la CDMX contra las violencias machistas"},"content":{"rendered":"\n<p>Ciudad de M\u00e9xico, a 9 de marzo de 2023.- Las calles de la Ciudad de M\u00e9xico ayer se pintaron de morado, como no se ve\u00eda desde hace tres a\u00f1os.&nbsp;<\/p>\n\n\n\n<p>Donde se posara la mirada se observaban miles de mujeres, ni\u00f1as y adultas mayores que se apoderaron de Paseo de la Reforma, del Monumento a la Revoluci\u00f3n y de la explanada del Z\u00f3calo para exigir un alto a las violencias machistas, celebrar que est\u00e1n vivas y hacer alarde de su rebeld\u00eda y resistencia.<\/p>\n\n\n\n<p>Al ritmo de batucadas, c\u00e1nticos, reguet\u00f3n y melod\u00edas prehisp\u00e1nicas, y en medio del humo de bengalas moradas, los contingentes colmaron la avenida, y en varios puntos se formaron cuellos de botella debido a la gran cantidad de asistentes, pero eso no las ahuyent\u00f3.<\/p>\n\n\n\n<p>Ni el calor, ni la contaminaci\u00f3n ni la posibilidad de contagio de covid hicieron mella en el \u00e1nimo de las mujeres, quienes festivas gritaron: \u201chay que abortar este sistema patriarcal\u201d; \u201cabuela, estoy gritando lo que te hicieron callar\u201d y \u201caplaudan, aplaudan, el pinche machismo se tiene que morir\u201d.<\/p>\n\n\n\n<p>En el D\u00eda Internacional de la Mujer (8-M), los contingentes fluyeron desde diversos puntos: la Estela de Luz, la Diana Cazadora, El \u00e1ngel de la Independencia, la Glorieta de las Mujeres que Luchan y el Monumento a la Revoluci\u00f3n. Usaron sus cuerpos como lienzos para denunciar las agresiones de g\u00e9nero y feminicidios, se vistieron de quincea\u00f1eras para dar voz a las que no cumplieron el sue\u00f1o de tener su fiesta de 15 a\u00f1os y mostraron su piel semidesnuda para desafiar al sistema patriarcal que las cosifica y sexualiza.<\/p>\n\n\n\n<p>Desde antes del mediod\u00eda, ellas empezaron a llegar a Paseo de la Reforma a elaborar carteles, pintar sus cuerpos de morado, maquillarse con tonos alusivos al 8-M, organizarse e incluso compartir experiencias de abuso, discriminaci\u00f3n, acoso e impunidad.<\/p>\n\n\n\n<p>Cuando empez\u00f3 la caminata, surg\u00eda un contingente tras otro, parec\u00eda no tener fin, y en algunos puntos, como la Glorieta de las Mujeres que Luchan, la esquina de El Caballito y toda la avenida Ju\u00e1rez y el entronque de 5 de Mayo con la plancha del Z\u00f3calo era pr\u00e1cticamente imposible avanzar. De acuerdo con cifras oficiales, fueron 90 mil los que se movilizaron este 8-M, s\u00f3lo 10 mil menos que la marcha de marzo de 2020, justo unos d\u00edas antes del confinamiento. No obstante, organizadoras estimaron una asistencia cercana a 200 mil.<\/p>\n\n\n\n<p>Conforme avanzaban los contingentes, mujeres encapuchadas y vestidas de negro hicieron pintas y algunos destrozos en inmobiliario p\u00fablico, sucursales bancarias, tiendas de conveniencia y edificios p\u00fablicos, ello pese a que en la ex Glorieta de Col\u00f3n, a algunas de estas mujeres elementos policiacos les quitaron martillos, mazos, tubos y aerosoles, entre otros objetos.<\/p>\n\n\n\n<figure class=\"wp-block-embed is-type-rich is-provider-twitter wp-block-embed-twitter\"><div class=\"wp-block-embed__wrapper\">\n<div class=\"twitter-tweet\"><blockquote class=\"twitter-tweet\" data-lang=\"es\"><p lang=\"es\" dir=\"ltr\">Y en la Ciudad de M\u00e9xico, miles y miles marcharon tambi\u00e9n por muchas horas, en la exigencia de alto al feminicidio y a la violencia contra las mujeres. <a href=\"https:\/\/twitter.com\/hashtag\/DiaInternacionalDeLaMujer?src=hash&amp;ref_src=twsrc%5Etfw\">#DiaInternacionalDeLaMujer<\/a><br>Video: Radio F\u00f3rmula. <a href=\"https:\/\/t.co\/KKhZYeTeTh\">pic.twitter.com\/KKhZYeTeTh<\/a><\/p>&mdash; Zona Roja Oaxaca (@ZonaRoja_Oaxaca) <a href=\"https:\/\/twitter.com\/ZonaRoja_Oaxaca\/status\/1633697254237171715?ref_src=twsrc%5Etfw\">9 de marzo de 2023<\/a><\/blockquote><\/div>\n<\/div><\/figure>\n\n\n\n<p>Las consignas fueron variadas, entre ellas: \u201cno soy hist\u00e9rica ni estoy menstruando, grito porque nos est\u00e1n matando\u201d; \u201cquiero morir de vieja, y no por ser vieja\u201d; \u201cno era paz, era silencio\u201d, \u201cni sumisa ni devota; mujer, te quiero libre y loca\u201d; \u201csoy la artista, no la musa\u201d; \u201ccada palabra tiene consecuencias, y cada silencio, tambi\u00e9n\u201d, y \u201ctienen suerte que queramos justicia y no venganza\u201d, entre muchas otras.<\/p>\n\n\n\n<p>M\u00daLTIPLES RAZONES<\/p>\n\n\n\n<p>Las razones por las que marcharon fueron diversas, unas porque les faltan hijas, sus hermanas, otras porque les desfiguraron el rostro, otras porque saben c\u00f3mo duelen los golpes y otras porque callaron en su juventud.<\/p>\n\n\n\n<p>Antes de las 17 horas los contingentes llegaron a la explanada del Z\u00f3calo, donde mujeres encapuchadas, apoyadas por algunos hombres, golpeaban de manera infructuosa las vallas met\u00e1licas que custodiaban la Catedral Metropolitana y Palacio Nacional. S\u00f3lo lograron doblar la parte superior de una de las protecciones que resguardaban recinto cat\u00f3lico. Ante esto, la respuesta de los polic\u00edas fue activar sus extintores, lo que gener\u00f3 irritaci\u00f3n de ojos y garganta en algunas manifestantes.<\/p>\n\n\n\n<p>El Observatorio Ciudadano Nacional del Feminicidio que march\u00f3 con el contingente de las madres y familiares de mujeres desaparecidas y v\u00edctimas de feminicidios, destac\u00f3 que en 2022, en promedio 10.28 mujeres fueron asesinadas cada d\u00eda, y \u201cesto muestra que se mantienen los asesinatos con mayor sa\u00f1a a pesar de las acciones que han implementado las autoridades.<\/p>\n\n\n\n<p>Tras la caminata, en la plancha del Z\u00f3calo, grupos de mujeres hicieron fogatas con sus carteles, pintas en el suelo, pegaron pancartas en el edificio del Gobierno capitalino y m\u00e1s tarde algunas se despojaron de su ropa en se\u00f1al de rebeld\u00eda.<\/p>\n\n\n\n<p>Por la noche, la Secretar\u00eda de Gobierno de la capital inform\u00f3 que se brind\u00f3 atenci\u00f3n medica a 37 personas por insolaci\u00f3n, golpes y torceduras, y 24 mujeres polic\u00edas fueron atendidas por lesiones no graves.<\/p>\n\n\n\n<p>(Informaci\u00f3n de \u201cLa Jornada\u201d)<\/p>\n","protected":false},"excerpt":{"rendered":"<p>Ciudad de M\u00e9xico, a 9 de marzo de 2023.- Las calles de la Ciudad de&hellip;<\/p>\n","protected":false},"author":2,"featured_media":52569,"comment_status":"closed","ping_status":"open","sticky":false,"template":"","format":"standard","meta":{"_lmt_disableupdate":"","_lmt_disable":"","_jetpack_memberships_contains_paid_content":false,"footnotes":""},"categories":[109,47],"tags":[1480],"class_list":["post-52568","post","type-post","status-publish","format-standard","has-post-thumbnail","hentry","category-minuto-a-minuto","category-zona-gris","tag-dia-internacional-de-la-mujer"],"jetpack_featured_media_url":"https:\/\/zonaroja.com.mx\/wp-content\/uploads\/2023\/03\/Marcha-feminista-Ciudad-de-Mexico.jpeg","jetpack_sharing_enabled":true,"_links":{"self":[{"href":"https:\/\/zonaroja.com.mx\/index.php?rest_route=\/wp\/v2\/posts\/52568","targetHints":{"allow":["GET"]}}],"collection":[{"href":"https:\/\/zonaroja.com.mx\/index.php?rest_route=\/wp\/v2\/posts"}],"about":[{"href":"https:\/\/zonaroja.com.mx\/index.php?rest_route=\/wp\/v2\/types\/post"}],"author":[{"embeddable":true,"href":"https:\/\/zonaroja.com.mx\/index.php?rest_route=\/wp\/v2\/users\/2"}],"replies":[{"embeddable":true,"href":"https:\/\/zonaroja.com.mx\/index.php?rest_route=%2Fwp%2Fv2%2Fcomments&post=52568"}],"version-history":[{"count":1,"href":"https:\/\/zonaroja.com.mx\/index.php?rest_route=\/wp\/v2\/posts\/52568\/revisions"}],"predecessor-version":[{"id":52570,"href":"https:\/\/zonaroja.com.mx\/index.php?rest_route=\/wp\/v2\/posts\/52568\/revisions\/52570"}],"wp:featuredmedia":[{"embeddable":true,"href":"https:\/\/zonaroja.com.mx\/index.php?rest_route=\/wp\/v2\/media\/52569"}],"wp:attachment":[{"href":"https:\/\/zonaroja.com.mx\/index.php?rest_route=%2Fwp%2Fv2%2Fmedia&parent=52568"}],"wp:term":[{"taxonomy":"category","embeddable":true,"href":"https:\/\/zonaroja.com.mx\/index.php?rest_route=%2Fwp%2Fv2%2Fcategories&post=52568"},{"taxonomy":"post_tag","embeddable":true,"href":"https:\/\/zonaroja.com.mx\/index.php?rest_route=%2Fwp%2Fv2%2Ftags&post=52568"}],"curies":[{"name":"wp","href":"https:\/\/api.w.org\/{rel}","templated":true}]}}