{"id":52586,"date":"2023-03-09T12:05:00","date_gmt":"2023-03-09T18:05:00","guid":{"rendered":"http:\/\/www.zonaroja.com.mx\/?p=52586"},"modified":"2023-03-09T08:17:21","modified_gmt":"2023-03-09T14:17:21","slug":"garantizan-medidas-cautelares-de-seguridad-de-victimas-en-un-proceso-penal","status":"publish","type":"post","link":"https:\/\/zonaroja.com.mx\/?p=52586","title":{"rendered":"Garantizan medidas cautelares de seguridad de v\u00edctimas en un proceso penal"},"content":{"rendered":"\n<p>Redacci\u00f3n\/Zona Roja.<\/p>\n\n\n\n<p>Oaxaca de Ju\u00e1rez, Oax., a 9 de marzo de 2023.- Las medidas cautelares&nbsp;tienen como objetivo que la persona imputada, es decir&nbsp;quien se encuentra en medio de alg\u00fan proceso penal o bien una investigaci\u00f3n,&nbsp;no evada a la justicia, asista a sus audiencias, no obstaculice los&nbsp;procedimientos,&nbsp;ni&nbsp;ponga en riesgo a la v\u00edctima o v\u00edctimas, as\u00ed como a las pruebas, inform\u00f3 la maestra&nbsp;Martha Elena Castillejos S\u00e1nchez, visitadora en el Consejo de la Judicatura del Poder Judicial del Estado.&nbsp;&nbsp;<\/p>\n\n\n\n<p>Explic\u00f3 que&nbsp;C\u00f3digo Nacional del Procedimientos Penales establece 14 medidas cautelares distintas,&nbsp;entre ellas la prisi\u00f3n preventiva, la cual&nbsp;consiste en privar de forma temporal a un individuo de su libertad&nbsp;y&nbsp;se aplica en ciertos delitos que as\u00ed lo ameritan y solo en los casos en que es necesario,&nbsp;cuando&nbsp;ya no hay otra medida que pueda garantizar los riesgos procesales. &nbsp;<\/p>\n\n\n\n<p>En entrevista para el programa de televisi\u00f3n \u201cSon mis derechos\u201d, una producci\u00f3n del Poder Judicial del Estado, en coordinaci\u00f3n con la Corporaci\u00f3n Oaxaque\u00f1a de Radio y Televisi\u00f3n (Cortv), en el cual se abordan temas de relevancia relacionados con el acontecer actual de la justicia,&nbsp;la jueza&nbsp;de Control&nbsp;y Enjuiciamiento&nbsp;con licencia,&nbsp;resalt\u00f3 que llevar un proceso penal en libertad no significa que el imputado&nbsp;no vaya a ser sentenciado.&nbsp;<\/p>\n\n\n\n<p>\u201cComo jueces&nbsp;debemos respetar el principio de presunci\u00f3n de inocencia&nbsp;y los derechos humanos&nbsp;hasta que se compruebe su culpabilidad&nbsp;ante un tribunal en juicio oral y se declare firme la sentencia\u201d,&nbsp;puntualiz\u00f3&nbsp;tras indicar que las y los juzgadores al imponer una o varias de las medidas cautelares deben&nbsp;realizar un an\u00e1lisis de cada asunto, antes de determinar la aplicaci\u00f3n de la prisi\u00f3n preventiva.<\/p>\n\n\n\n<p>La maestra Martha Elena Castillejos S\u00e1nchez&nbsp;se\u00f1al\u00f3 que las y los jueces tienen la obligaci\u00f3n de respetar los derechos de las partes, los principios constitucionales y los principios del Sistema Acusatorio; por lo cual, las medidas cautelares son instrumentos jur\u00eddicos que garantizan la efectividad de las decisiones judiciales. &nbsp;<\/p>\n\n\n\n<p>Con la participaci\u00f3n de magistrados, magistradas, jueces, juezas, facilitadores, directores de \u00e1rea y acad\u00e9micos, el&nbsp;programa&nbsp;\u201cSon mis derechos\u201d, se transmite los d\u00edas&nbsp;mi\u00e9rcoles, de manera quincenal, de 19:00 a 20:00 horas por el canal 9.1 de la CORTV, con repeticiones el martes a las 17:00 horas y s\u00e1bado a las 12:00 horas.<\/p>\n","protected":false},"excerpt":{"rendered":"<p>Redacci\u00f3n\/Zona Roja. Oaxaca de Ju\u00e1rez, Oax., a 9 de marzo de 2023.- Las medidas cautelares&nbsp;tienen&hellip;<\/p>\n","protected":false},"author":2,"featured_media":52575,"comment_status":"closed","ping_status":"open","sticky":false,"template":"","format":"standard","meta":{"_lmt_disableupdate":"","_lmt_disable":"","_jetpack_memberships_contains_paid_content":false,"footnotes":""},"categories":[109,46],"tags":[223],"class_list":["post-52586","post","type-post","status-publish","format-standard","has-post-thumbnail","hentry","category-minuto-a-minuto","category-zona-blanca","tag-poder-judicial-de-oaxaca"],"jetpack_featured_media_url":"https:\/\/zonaroja.com.mx\/wp-content\/uploads\/2023\/03\/Progama-Poder-Judicial-Oaxaca.jpeg","jetpack_sharing_enabled":true,"_links":{"self":[{"href":"https:\/\/zonaroja.com.mx\/index.php?rest_route=\/wp\/v2\/posts\/52586","targetHints":{"allow":["GET"]}}],"collection":[{"href":"https:\/\/zonaroja.com.mx\/index.php?rest_route=\/wp\/v2\/posts"}],"about":[{"href":"https:\/\/zonaroja.com.mx\/index.php?rest_route=\/wp\/v2\/types\/post"}],"author":[{"embeddable":true,"href":"https:\/\/zonaroja.com.mx\/index.php?rest_route=\/wp\/v2\/users\/2"}],"replies":[{"embeddable":true,"href":"https:\/\/zonaroja.com.mx\/index.php?rest_route=%2Fwp%2Fv2%2Fcomments&post=52586"}],"version-history":[{"count":1,"href":"https:\/\/zonaroja.com.mx\/index.php?rest_route=\/wp\/v2\/posts\/52586\/revisions"}],"predecessor-version":[{"id":52587,"href":"https:\/\/zonaroja.com.mx\/index.php?rest_route=\/wp\/v2\/posts\/52586\/revisions\/52587"}],"wp:featuredmedia":[{"embeddable":true,"href":"https:\/\/zonaroja.com.mx\/index.php?rest_route=\/wp\/v2\/media\/52575"}],"wp:attachment":[{"href":"https:\/\/zonaroja.com.mx\/index.php?rest_route=%2Fwp%2Fv2%2Fmedia&parent=52586"}],"wp:term":[{"taxonomy":"category","embeddable":true,"href":"https:\/\/zonaroja.com.mx\/index.php?rest_route=%2Fwp%2Fv2%2Fcategories&post=52586"},{"taxonomy":"post_tag","embeddable":true,"href":"https:\/\/zonaroja.com.mx\/index.php?rest_route=%2Fwp%2Fv2%2Ftags&post=52586"}],"curies":[{"name":"wp","href":"https:\/\/api.w.org\/{rel}","templated":true}]}}