{"id":52588,"date":"2023-03-09T10:20:00","date_gmt":"2023-03-09T16:20:00","guid":{"rendered":"http:\/\/www.zonaroja.com.mx\/?p=52588"},"modified":"2023-03-09T08:23:14","modified_gmt":"2023-03-09T14:23:14","slug":"por-primera-vez-en-santa-lucia-del-camino-reglamentan-sanciones-contra-violencia-a-mujeres","status":"publish","type":"post","link":"https:\/\/zonaroja.com.mx\/?p=52588","title":{"rendered":"Por primera vez en Santa Luc\u00eda del Camino reglamentan sanciones contra violencia a mujeres"},"content":{"rendered":"\n<p>Redacci\u00f3n\/Zona Roja.<\/p>\n\n\n\n<p>Oaxaca de Ju\u00e1rez, Oax., a 9 de marzo de 2023.- El presidente municipal de Santa Luc\u00eda del Camino, Juan Carlos Garc\u00eda M\u00e1rquez, anunci\u00f3 la creaci\u00f3n del reglamento para el funcionamiento del Instancia Municipal para la Mujer (IMM)<\/p>\n\n\n\n<p>En un hecho hist\u00f3rico, el Cabildo de Santa Luc\u00eda del Camino aprob\u00f3 la creaci\u00f3n y operaci\u00f3n reglamentaria de la Instancia Municipal para la Mujer (IMM), el cual tendr\u00e1 como objetivo principal la erradicaci\u00f3n de cualquier tipo de violencia hacia las ni\u00f1as, j\u00f3venes y mujeres de este municipio.<\/p>\n\n\n\n<p>Durante una Sesi\u00f3n de Cabildo que fue encabezada por edil, tambi\u00e9n la IMM fue dotada por primera vez, de las capacidades de atender, prevenir y auxiliar a cualquier mujer que sea v\u00edctima de violencia en Santa Luc\u00eda del Camino.<\/p>\n\n\n\n<p>\u201cEsta reglamentaci\u00f3n tiene como objetivo fortalecer a la Instancia Municipal para la Mujer, para efectos que atiendan de manera pronta e integral, cualquier hecho relacionado con la existencia de violencia de g\u00e9nero; el ayuntamiento de Santa Luc\u00eda del Camino considera que deben ser implementados los mecanismos id\u00f3neos para resarcir el da\u00f1o hist\u00f3rico generado a las mujeres\u201d, dijo.<\/p>\n\n\n\n<p>Igualmente, en el marco del D\u00eda Internacional de la Mujer que se conmemora este 8 de marzo, el presidente municipal Juan Carlos Garc\u00eda M\u00e1rquez reiter\u00f3 su compromiso para seguir implementando mayores programas para prevenir, combatir y erradicar la violencia de g\u00e9nero contra ni\u00f1as, adolescentes y mujeres.<\/p>\n\n\n\n<figure class=\"wp-block-embed is-type-rich is-provider-twitter wp-block-embed-twitter\"><div class=\"wp-block-embed__wrapper\">\n<div class=\"twitter-tweet\"><blockquote class=\"twitter-tweet\" data-lang=\"es\"><p lang=\"es\" dir=\"ltr\">En sesi\u00f3n de Cabildo del <a href=\"https:\/\/twitter.com\/SantaLucia_Ayto?ref_src=twsrc%5Etfw\">@SantaLucia_Ayto<\/a>, que preside el edil <a href=\"https:\/\/twitter.com\/JC_GMarquez?ref_src=twsrc%5Etfw\">@JC_GMarquez<\/a>, se aprob\u00f3 el reglamento para que opere la Instancia Municipal de la Mujer (IMM), organismo que se encargar\u00e1 de proteger los derechos de ni\u00f1as, j\u00f3venes y mujeres del municipio. <a href=\"https:\/\/t.co\/3hwcdMonbz\">pic.twitter.com\/3hwcdMonbz<\/a><\/p>&mdash; Zona Roja Oaxaca (@ZonaRoja_Oaxaca) <a href=\"https:\/\/twitter.com\/ZonaRoja_Oaxaca\/status\/1633688539702390784?ref_src=twsrc%5Etfw\">9 de marzo de 2023<\/a><\/blockquote><\/div>\n<\/div><\/figure>\n","protected":false},"excerpt":{"rendered":"<p>Redacci\u00f3n\/Zona Roja. Oaxaca de Ju\u00e1rez, Oax., a 9 de marzo de 2023.- El presidente municipal&hellip;<\/p>\n","protected":false},"author":2,"featured_media":52589,"comment_status":"closed","ping_status":"open","sticky":false,"template":"","format":"standard","meta":{"_lmt_disableupdate":"","_lmt_disable":"","_jetpack_memberships_contains_paid_content":false,"footnotes":""},"categories":[109,46],"tags":[337],"class_list":["post-52588","post","type-post","status-publish","format-standard","has-post-thumbnail","hentry","category-minuto-a-minuto","category-zona-blanca","tag-santa-lucia-del-camino"],"jetpack_featured_media_url":"https:\/\/zonaroja.com.mx\/wp-content\/uploads\/2023\/03\/Santa-Lucia-del-Camino-Bety-Santos.jpeg","jetpack_sharing_enabled":true,"_links":{"self":[{"href":"https:\/\/zonaroja.com.mx\/index.php?rest_route=\/wp\/v2\/posts\/52588","targetHints":{"allow":["GET"]}}],"collection":[{"href":"https:\/\/zonaroja.com.mx\/index.php?rest_route=\/wp\/v2\/posts"}],"about":[{"href":"https:\/\/zonaroja.com.mx\/index.php?rest_route=\/wp\/v2\/types\/post"}],"author":[{"embeddable":true,"href":"https:\/\/zonaroja.com.mx\/index.php?rest_route=\/wp\/v2\/users\/2"}],"replies":[{"embeddable":true,"href":"https:\/\/zonaroja.com.mx\/index.php?rest_route=%2Fwp%2Fv2%2Fcomments&post=52588"}],"version-history":[{"count":1,"href":"https:\/\/zonaroja.com.mx\/index.php?rest_route=\/wp\/v2\/posts\/52588\/revisions"}],"predecessor-version":[{"id":52590,"href":"https:\/\/zonaroja.com.mx\/index.php?rest_route=\/wp\/v2\/posts\/52588\/revisions\/52590"}],"wp:featuredmedia":[{"embeddable":true,"href":"https:\/\/zonaroja.com.mx\/index.php?rest_route=\/wp\/v2\/media\/52589"}],"wp:attachment":[{"href":"https:\/\/zonaroja.com.mx\/index.php?rest_route=%2Fwp%2Fv2%2Fmedia&parent=52588"}],"wp:term":[{"taxonomy":"category","embeddable":true,"href":"https:\/\/zonaroja.com.mx\/index.php?rest_route=%2Fwp%2Fv2%2Fcategories&post=52588"},{"taxonomy":"post_tag","embeddable":true,"href":"https:\/\/zonaroja.com.mx\/index.php?rest_route=%2Fwp%2Fv2%2Ftags&post=52588"}],"curies":[{"name":"wp","href":"https:\/\/api.w.org\/{rel}","templated":true}]}}