{"id":5259,"date":"2019-10-29T21:57:40","date_gmt":"2019-10-30T03:57:40","guid":{"rendered":"https:\/\/www.zonaroja.com.mx\/?p=5259"},"modified":"2019-10-30T05:24:29","modified_gmt":"2019-10-30T11:24:29","slug":"tras-secuestro-y-enfrentamiento-en-cuenca-gobernador-reconoce-disputa-de-carteles","status":"publish","type":"post","link":"https:\/\/zonaroja.com.mx\/?p=5259","title":{"rendered":"Tras secuestro y enfrentamiento en Cuenca, gobernador reconoce disputa de c\u00e1rteles\u00a0"},"content":{"rendered":"\n<p>Redacci\u00f3n\/Zona Roja.<\/p>\n\n\n\n<p>Oaxaca de Ju\u00e1rez, Oax., 29 de octubre de 2019.- Luego de un secuestro y enfrentamiento armado en Tuxtepec, el gobernador de Oaxaca, Alejandro Murat Hinojosa, reconoci\u00f3 que dos grupos delictivos, uno estatal y otro nacional, se disputan la plaza en la regi\u00f3n de la Cuenca.\u00a0<\/p>\n\n\n\n<p>\u201cHay una disputa entre dos grupos, uno de car\u00e1cter nacional, en alguno de los estados que son vecinos a Oaxaca, y otro local, del estado de Oaxaca; estamos ocupados en hacer un trabajo de inteligencia importante y esperemos que pronto estemos dando resultados que espera la sociedad civil\u201d, dijo hoy en entrevista colectiva.<\/p>\n\n\n\n<p>Y es que anoche, en la colonia Costa Verde de San Juan Bautista Tuxtepec se suscit\u00f3 un enfrentamiento armado entre dos bandas, con el secuestro de una persona del sexo masculino, que fue llevado a una casa de seguridad.<\/p>\n\n\n\n<p>A falta de informaci\u00f3n oficial, una versi\u00f3n indica que el individuo identificado como Mario M. M., logr\u00f3 darse a la fuga y pidi\u00f3 auxilio; otra describe que un grupo delictivo lleg\u00f3 a rescatarlo, lo que desat\u00f3 una balacera en ese asentamiento; una m\u00e1s refiere que fue hallado en una casa por los polic\u00edas.<\/p>\n\n\n\n<figure class=\"wp-block-embed-twitter wp-block-embed is-type-rich is-provider-twitter\"><div class=\"wp-block-embed__wrapper\">\n<div class=\"twitter-tweet\"><blockquote class=\"twitter-tweet\" data-lang=\"es\"><p lang=\"es\" dir=\"ltr\"><a href=\"https:\/\/twitter.com\/hashtag\/OaxacaRojo?src=hash&amp;ref_src=twsrc%5Etfw\">#OaxacaRojo<\/a><br>Tras el enfrentamiento armado anoche en San Juan Bautista Tuxtepec, el gobernador <a href=\"https:\/\/twitter.com\/alejandromurat?ref_src=twsrc%5Etfw\">@alejandromurat<\/a> reconoci\u00f3 hoy que dos grupos, presuntamente del crimen organizado, uno estatal y otro nacional, se disputan la plaza en la Cuenca del Papaloapan. <a href=\"https:\/\/t.co\/rkSgHJAsm2\">pic.twitter.com\/rkSgHJAsm2<\/a><\/p>&mdash; Zona Roja Oaxaca (@MexRoja) <a href=\"https:\/\/twitter.com\/MexRoja\/status\/1189361081577283585?ref_src=twsrc%5Etfw\">30 de octubre de 2019<\/a><\/blockquote><\/div>\n<\/div><\/figure>\n\n\n\n<p>Tambi\u00e9n en entrevista colectiva, el fiscal General, Rub\u00e9n Vasconcelos M\u00e9ndez, acept\u00f3 que hubo hechos violentos en Tuxtepec y que la persona secuestrada finalmente qued\u00f3 libre, tras lo cual interpuso su denuncia; no obstante, no hay personas detenidas.<\/p>\n\n\n\n<p>Horas despu\u00e9s, corporaciones policiacas estatales y municipales efectuaron un operativo en esa zona, en que hallaron en la calle un arma de grueso calibre y un arsenal en un domicilio, pero no encontraron a los supuestos delincuentes.<\/p>\n\n\n\n<p>En la probable casa de seguridad del callej\u00f3n R\u00edo San Juan del fraccionamiento Costa Verde se localizaron armas, municiones, veh\u00edculos, cargadores, granadas y equipos t\u00e1cticos, cuya cantidad no se ha dado a conocer oficialmente.<\/p>\n\n\n\n<p>La v\u00edctima hab\u00eda sido plagiada de un bar en la colonia El Castillo. Hasta esta noche la Fiscal\u00eda General del Estado no ha dado una informaci\u00f3n oficial de los hechos.&nbsp;<br class=\"Apple-interchange-newline\"><\/p>\n\n\n\n<p><\/p>\n","protected":false},"excerpt":{"rendered":"<p>Redacci\u00f3n\/Zona Roja. Oaxaca de Ju\u00e1rez, Oax., 29 de octubre de 2019.- Luego de un secuestro&hellip;<\/p>\n","protected":false},"author":2,"featured_media":5258,"comment_status":"closed","ping_status":"open","sticky":false,"template":"","format":"standard","meta":{"_lmt_disableupdate":"","_lmt_disable":"","_jetpack_memberships_contains_paid_content":false,"footnotes":""},"categories":[109,51],"tags":[173,118],"class_list":["post-5259","post","type-post","status-publish","format-standard","has-post-thumbnail","hentry","category-minuto-a-minuto","category-zona-roja","tag-alejandro-murat-hinojosa","tag-san-juan-bautista-tuxtepec"],"jetpack_featured_media_url":"https:\/\/zonaroja.com.mx\/wp-content\/uploads\/2019\/10\/85b9e280-313b-4046-a0c7-1126c13c96ed.jpg","jetpack_sharing_enabled":true,"_links":{"self":[{"href":"https:\/\/zonaroja.com.mx\/index.php?rest_route=\/wp\/v2\/posts\/5259","targetHints":{"allow":["GET"]}}],"collection":[{"href":"https:\/\/zonaroja.com.mx\/index.php?rest_route=\/wp\/v2\/posts"}],"about":[{"href":"https:\/\/zonaroja.com.mx\/index.php?rest_route=\/wp\/v2\/types\/post"}],"author":[{"embeddable":true,"href":"https:\/\/zonaroja.com.mx\/index.php?rest_route=\/wp\/v2\/users\/2"}],"replies":[{"embeddable":true,"href":"https:\/\/zonaroja.com.mx\/index.php?rest_route=%2Fwp%2Fv2%2Fcomments&post=5259"}],"version-history":[{"count":2,"href":"https:\/\/zonaroja.com.mx\/index.php?rest_route=\/wp\/v2\/posts\/5259\/revisions"}],"predecessor-version":[{"id":5263,"href":"https:\/\/zonaroja.com.mx\/index.php?rest_route=\/wp\/v2\/posts\/5259\/revisions\/5263"}],"wp:featuredmedia":[{"embeddable":true,"href":"https:\/\/zonaroja.com.mx\/index.php?rest_route=\/wp\/v2\/media\/5258"}],"wp:attachment":[{"href":"https:\/\/zonaroja.com.mx\/index.php?rest_route=%2Fwp%2Fv2%2Fmedia&parent=5259"}],"wp:term":[{"taxonomy":"category","embeddable":true,"href":"https:\/\/zonaroja.com.mx\/index.php?rest_route=%2Fwp%2Fv2%2Fcategories&post=5259"},{"taxonomy":"post_tag","embeddable":true,"href":"https:\/\/zonaroja.com.mx\/index.php?rest_route=%2Fwp%2Fv2%2Ftags&post=5259"}],"curies":[{"name":"wp","href":"https:\/\/api.w.org\/{rel}","templated":true}]}}