{"id":52591,"date":"2023-03-09T10:24:00","date_gmt":"2023-03-09T16:24:00","guid":{"rendered":"http:\/\/www.zonaroja.com.mx\/?p=52591"},"modified":"2023-03-09T08:25:16","modified_gmt":"2023-03-09T14:25:16","slug":"brutalidad-feminicidios-aumentaron-en-oaxaca-233-en-tres-anos","status":"publish","type":"post","link":"https:\/\/zonaroja.com.mx\/?p=52591","title":{"rendered":"Brutalidad: feminicidios aumentaron en Oaxaca 233% en tres a\u00f1os"},"content":{"rendered":"\n<p>David Ju\u00e1rez\/Zona Roja. Foto: Consorcio Oaxaca<\/p>\n\n\n\n<p>Oaxaca de Ju\u00e1rez, Oax., a 9 de marzo de 2023.- Durante la administraci\u00f3n del gobierno de Salom\u00f3n Jara Cruz, el n\u00famero de feminicidios en Oaxaca se ha disparado 233 por ciento en comparaci\u00f3n con la media hist\u00f3rica estatal, que contempla cifras de los \u00faltimos tres a\u00f1os, y se ha incrementado 67 por ciento en contraste con la incidencia de 2022, revel\u00f3 la plataforma Sem\u00e1foro Delictivo.<\/p>\n\n\n\n<p>Sem\u00e1foro Delictivo report\u00f3 que \u00fanicamente durante enero de 2023, en Oaxaca fueron abiertas 10 carpetas de investigaci\u00f3n por el delito de feminicidio, lo que representa al 26.3 por ciento de los 38 casos documentados de manera oficial por las autoridades en todo el 2022; no obstante, si los casos se comparan con 2019, enero acumul\u00f3 pr\u00e1cticamente el 40 por ciento de los 27 casos registrados en aquel periodo de hace tres a\u00f1os.<\/p>\n\n\n\n<p>De continuar con aquella tendencia, al final del actual 2023 el estado podr\u00eda rebasar por primera vez en la historia el centenar de expedientes abiertos por cr\u00edmenes por raz\u00f3n de g\u00e9nero.<\/p>\n\n\n\n<p>La plataforma tambi\u00e9n subray\u00f3 que enero de 2023 fue el mes m\u00e1s violento para el sector femenino durante los \u00faltimos cinco a\u00f1os, incluso por encima de julio de 2022, cuando se contabilizaron ocho asesinatos de mujeres en la entidad.<\/p>\n\n\n\n<p>El Secretariado Ejecutivo del Sistema Nacional de Seguridad P\u00fablica (SESNSP) precis\u00f3, por su parte, que de los 10 cr\u00edmenes de mujeres tipificados c\u00f3mo feminicidio en Oaxaca durante enero, tres fueron cometidos con disparos con arma de fuego; dos m\u00e1s con arma blanca y cinco m\u00e1s con otro tipo de elementos.<\/p>\n\n\n\n<p>El SESNSP precis\u00f3 que actualmente Oaxaca ocupa el primer lugar nacional en muertes por raz\u00f3n de g\u00e9nero, por delante de otras entidades como el Estado de M\u00e9xico, entidad considerada hist\u00f3ricamente de alta peligrosidad para las ciudadanas y que en el comienzo del actual ejercicio fiscal document\u00f3 siete carpetas de investigaci\u00f3n; otros estado que tambi\u00e9n permanecen por debajo de Oaxaca en incidencia de feminicidios son Veracruz (7), Ciudad de M\u00e9xico (5), Jalisco (5), Nuevo Le\u00f3n (4) y Chihuahua (3); \u00e9ste \u00faltimo, uno de los primeros estados del pa\u00eds donde grupos de activistas visibilizaron la violencia de g\u00e9nero.<\/p>\n\n\n\n<p>En m\u00e1s sobre daros hist\u00f3ricos de la vilencia feminicida reportada en Oaxaca, Sem\u00e1foro Delictivo indic\u00f3 que durante los \u00faltimos cinco a\u00f1os, en la entidad fueron asesinadas 150 ciudadanas.<\/p>\n\n\n\n<p>En 2019, el n\u00famero de ultimaciones fue de 27; en 2020, de 35; en 2021, de 40, y en 2022 de 38.<\/p>\n\n\n\n<p>VAN 50 ASESINADAS<\/p>\n\n\n\n<p>En v\u00edsperas del D\u00eda Internacional de la Mujer, en Oaxaca durante las \u00faltimas 48 horas fueron asesinadas dos mujeres m\u00e1s en casos reportados en Santa Mar\u00eda Atzompa, en la regi\u00f3n de Valles Centrales, y en Santa Mar\u00eda Petapa, en el Istmo de Tehuantepec.<\/p>\n\n\n\n<p>Con ello, sumaron 50 asesinatos violentos de mujeres \u00fanicamente en lo que va de la actual administraci\u00f3n que encabeza Salom\u00f3n Jara (diciembre de 2022-marzo de 2023), seg\u00fan cifras de organismos de la sociedad civil.<\/p>\n\n\n\n<p>El cuerpo de la primera mujer fue localizado la ma\u00f1ana del lunes en un terreno bald\u00edo, sobre la calle Oyamel, entre las colonias Odisea y Forestal, de Santa Mar\u00eda Atzompa, municipio conurbado a la capital.<\/p>\n\n\n\n<p>Se presume que fue atacada con arma blanca, pues de manera preliminar se inform\u00f3 que presentaba una herida &nbsp;en el cuello y otras m\u00e1s en el resto del cuerpo.<\/p>\n\n\n\n<p>Mientras tanto, la noche del mismo lunes, en Santa Mar\u00eda Petapa, fue reportado el asesinato de una mujer m\u00e1s, que fue atacada a tiros en la v\u00eda p\u00fablica.<\/p>\n\n\n\n<p>La v\u00edctima fue identificada como Edith Martinez Huerta, de 29 a\u00f1os de edad, cuyo cad\u00e1ver qued\u00f3 tendido sobre la cinta asf\u00e1ltica.<\/p>\n\n\n\n<p>Familiares de la hoy extinta refirieron que la joven &nbsp;hab\u00eda salido de su domicilio con direcci\u00f3n a la tienda y que posteriormente les avisaron que se encontraba tirada sobre la calle.<\/p>\n","protected":false},"excerpt":{"rendered":"<p>David Ju\u00e1rez\/Zona Roja. Foto: Consorcio Oaxaca Oaxaca de Ju\u00e1rez, Oax., a 9 de marzo de&hellip;<\/p>\n","protected":false},"author":2,"featured_media":52579,"comment_status":"closed","ping_status":"open","sticky":false,"template":"","format":"standard","meta":{"_lmt_disableupdate":"","_lmt_disable":"","_jetpack_memberships_contains_paid_content":false,"footnotes":""},"categories":[109,47],"tags":[939],"class_list":["post-52591","post","type-post","status-publish","format-standard","has-post-thumbnail","hentry","category-minuto-a-minuto","category-zona-gris","tag-salomon-jara-cruz"],"jetpack_featured_media_url":"https:\/\/zonaroja.com.mx\/wp-content\/uploads\/2023\/03\/Feminicidios-violencia-feministas-4-Consorcio.jpeg","jetpack_sharing_enabled":true,"_links":{"self":[{"href":"https:\/\/zonaroja.com.mx\/index.php?rest_route=\/wp\/v2\/posts\/52591","targetHints":{"allow":["GET"]}}],"collection":[{"href":"https:\/\/zonaroja.com.mx\/index.php?rest_route=\/wp\/v2\/posts"}],"about":[{"href":"https:\/\/zonaroja.com.mx\/index.php?rest_route=\/wp\/v2\/types\/post"}],"author":[{"embeddable":true,"href":"https:\/\/zonaroja.com.mx\/index.php?rest_route=\/wp\/v2\/users\/2"}],"replies":[{"embeddable":true,"href":"https:\/\/zonaroja.com.mx\/index.php?rest_route=%2Fwp%2Fv2%2Fcomments&post=52591"}],"version-history":[{"count":1,"href":"https:\/\/zonaroja.com.mx\/index.php?rest_route=\/wp\/v2\/posts\/52591\/revisions"}],"predecessor-version":[{"id":52592,"href":"https:\/\/zonaroja.com.mx\/index.php?rest_route=\/wp\/v2\/posts\/52591\/revisions\/52592"}],"wp:featuredmedia":[{"embeddable":true,"href":"https:\/\/zonaroja.com.mx\/index.php?rest_route=\/wp\/v2\/media\/52579"}],"wp:attachment":[{"href":"https:\/\/zonaroja.com.mx\/index.php?rest_route=%2Fwp%2Fv2%2Fmedia&parent=52591"}],"wp:term":[{"taxonomy":"category","embeddable":true,"href":"https:\/\/zonaroja.com.mx\/index.php?rest_route=%2Fwp%2Fv2%2Fcategories&post=52591"},{"taxonomy":"post_tag","embeddable":true,"href":"https:\/\/zonaroja.com.mx\/index.php?rest_route=%2Fwp%2Fv2%2Ftags&post=52591"}],"curies":[{"name":"wp","href":"https:\/\/api.w.org\/{rel}","templated":true}]}}