{"id":52597,"date":"2023-03-09T16:26:33","date_gmt":"2023-03-09T22:26:33","guid":{"rendered":"http:\/\/www.zonaroja.com.mx\/?p=52597"},"modified":"2023-03-09T16:27:59","modified_gmt":"2023-03-09T22:27:59","slug":"el-pri-es-mas-grande-que-cualquier-personaje-villacana-se-preparan-para-el-2024","status":"publish","type":"post","link":"https:\/\/zonaroja.com.mx\/?p=52597","title":{"rendered":"El PRI es m\u00e1s grande que cualquier personaje: Villaca\u00f1a; se preparan para el 2024"},"content":{"rendered":"\n<p>Yuridiana Sosa\/Zona Roja.<\/p>\n\n\n\n<p>Oaxaca de Ju\u00e1rez, Oax., a 9 de marzo de 2023.- El presidente del Comit\u00e9 Estatal del Partido Revolucionario Institucional (PRI) en Oaxaca, Javier Villaca\u00f1a Jim\u00e9nez, reafirm\u00f3 que este instituto se refuerza y su val\u00eda no est\u00e1 basada en personajes pol\u00edticos, por lo que no desaparecer\u00e1.<\/p>\n\n\n\n<p>As\u00ed lo se\u00f1al\u00f3 ante conclusiones de algunos grupos que aseguran que tras los resultados de la jornada electoral 2022 que no beneficiaron al PRI, este partido se hunde, sobre todo ante el abandono de algunas figuras pol\u00edticas como el ex presidente del partido estatal, Eviel P\u00e9rez Maga\u00f1a.<\/p>\n\n\n\n<p>Los rumores sobre la renuncia de P\u00e9rez Maga\u00f1a al PRI surgieron luego que fue fotografiado y exhibido recientemente en una visita a Palacio de Gobierno; panorama que hizo luego que su hija la diputada Gabriela P\u00e9rez renunci\u00f3 al tricolor en noviembre pasado para unirse a las filas de Morena.<\/p>\n\n\n\n<p>El presidente del PRI, Javier Villaca\u00f1ana apunt\u00f3 que oficialmente ante el partido no existe una renuncia formal por parte del ex secretario federal de Sedesol, pero desconoce que el propio P\u00e9rez Maga\u00f1a realiz\u00f3 alguna declaraci\u00f3n sobre su salida.<\/p>\n\n\n\n<p>\u201cSon decisiones personales, militar o no en un partido es una decisi\u00f3n muy personal\u201d sostuvo el l\u00edder priista, quien agreg\u00f3 que acudir al Palacio de Gobierno tampoco significa o garantice un hecho.<\/p>\n\n\n\n<p>Dej\u00f3 en claro, que sea cual sea la decisi\u00f3n, \u201cel PRI es mucho m\u00e1s grande\u201d que los personajes pol\u00edticos.<\/p>\n\n\n\n<p>Es por ello que, agreg\u00f3, se preparan para fortalecer al organismo rumbo al proceso del 2024.<\/p>\n","protected":false},"excerpt":{"rendered":"<p>Yuridiana Sosa\/Zona Roja. Oaxaca de Ju\u00e1rez, Oax., a 9 de marzo de 2023.- El presidente&hellip;<\/p>\n","protected":false},"author":2,"featured_media":52596,"comment_status":"closed","ping_status":"open","sticky":false,"template":"","format":"standard","meta":{"_lmt_disableupdate":"","_lmt_disable":"","_jetpack_memberships_contains_paid_content":false,"footnotes":""},"categories":[109,46],"tags":[],"class_list":["post-52597","post","type-post","status-publish","format-standard","has-post-thumbnail","hentry","category-minuto-a-minuto","category-zona-blanca"],"jetpack_featured_media_url":"https:\/\/zonaroja.com.mx\/wp-content\/uploads\/2023\/03\/img_1232.jpg","jetpack_sharing_enabled":true,"_links":{"self":[{"href":"https:\/\/zonaroja.com.mx\/index.php?rest_route=\/wp\/v2\/posts\/52597","targetHints":{"allow":["GET"]}}],"collection":[{"href":"https:\/\/zonaroja.com.mx\/index.php?rest_route=\/wp\/v2\/posts"}],"about":[{"href":"https:\/\/zonaroja.com.mx\/index.php?rest_route=\/wp\/v2\/types\/post"}],"author":[{"embeddable":true,"href":"https:\/\/zonaroja.com.mx\/index.php?rest_route=\/wp\/v2\/users\/2"}],"replies":[{"embeddable":true,"href":"https:\/\/zonaroja.com.mx\/index.php?rest_route=%2Fwp%2Fv2%2Fcomments&post=52597"}],"version-history":[{"count":1,"href":"https:\/\/zonaroja.com.mx\/index.php?rest_route=\/wp\/v2\/posts\/52597\/revisions"}],"predecessor-version":[{"id":52598,"href":"https:\/\/zonaroja.com.mx\/index.php?rest_route=\/wp\/v2\/posts\/52597\/revisions\/52598"}],"wp:featuredmedia":[{"embeddable":true,"href":"https:\/\/zonaroja.com.mx\/index.php?rest_route=\/wp\/v2\/media\/52596"}],"wp:attachment":[{"href":"https:\/\/zonaroja.com.mx\/index.php?rest_route=%2Fwp%2Fv2%2Fmedia&parent=52597"}],"wp:term":[{"taxonomy":"category","embeddable":true,"href":"https:\/\/zonaroja.com.mx\/index.php?rest_route=%2Fwp%2Fv2%2Fcategories&post=52597"},{"taxonomy":"post_tag","embeddable":true,"href":"https:\/\/zonaroja.com.mx\/index.php?rest_route=%2Fwp%2Fv2%2Ftags&post=52597"}],"curies":[{"name":"wp","href":"https:\/\/api.w.org\/{rel}","templated":true}]}}