{"id":52599,"date":"2023-03-09T17:46:16","date_gmt":"2023-03-09T23:46:16","guid":{"rendered":"http:\/\/www.zonaroja.com.mx\/?p=52599"},"modified":"2023-03-09T17:46:18","modified_gmt":"2023-03-09T23:46:18","slug":"en-tendedero-denuncian-alumnas-del-cbtis-26-acoso-de-profesores","status":"publish","type":"post","link":"https:\/\/zonaroja.com.mx\/?p=52599","title":{"rendered":"En \u201ctendedero\u201d, denuncian alumnas del CBTIS 26 acoso de profesores"},"content":{"rendered":"\n<p>Yuridiana Sosa\/Zona Roja.<\/p>\n\n\n\n<p>Oaxaca de Ju\u00e1rez, OAx., a 9 de marzo de 2023.- Por primera vez, alumnas del Centro de Bachillerato Tecnol\u00f3gico, Industrial y de Servicios (CBTIS 26), ubicado al norte de la capital, instalaron un \u201ctendedero\u201d para denunciar casos de acoso y hasta de violaci\u00f3n por parte de sus profesores.<\/p>\n\n\n\n<p>Decenas de alumnas de los diferentes semestres se unieron este jueves en esta manifestaci\u00f3n pac\u00edfica, en la que colocaron cartulinas y hojas con consignas, as\u00ed como revelaron el nombre de al menos seis docentes que las agreden con sus comentarios y acciones.<\/p>\n\n\n\n<p>\u201cSaquen a los profesores acosadores, Ernesto Esteban y Miguel \u00c1ngel Noriega\u201d dice una de las cartulinas pegadas en la fachada del acceso principal de la instituci\u00f3n ubicada sobre la calzada San Felipe del Agua.<\/p>\n\n\n\n<p>Otros nombres que sobresalieron fueron el de Mario Reyes Santiago, como acosador; C\u00e9sar Garc\u00eda Caballero, machito; Genero Pioquinto de \u201c4F\u201d como violador y Jos\u00e9 Abraham Pascual.<\/p>\n\n\n\n<p>Las j\u00f3venes estudiantes tambi\u00e9n condenaron situaciones que de forma general viven actualmente ante un estado de impunidad en las agresiones hacia las mujeres.<\/p>\n\n\n\n<p>\u201cSi te acosan, prende un porro, as\u00ed s\u00ed llega la polic\u00eda\u201d, \u201cMi falda no es corta, tu educaci\u00f3n s\u00ed\u201d; el anhelo de las adolescentes es \u201cvivir libres, no valientes\u201d, \u201cqueremos vivir, no sobrevivir\u201d.<\/p>\n\n\n\n<p>Ante esta primera protesta para denunciar abusos y acoso dentro de la instituci\u00f3n, el personal docente se mostr\u00f3 sorprendido, pero tambi\u00e9n celebr\u00f3 que se alce la voz para exigir el respeto a sus derechos.<\/p>\n\n\n\n<p>La profesora Juana de la Cruz V\u00e1zquez indic\u00f3 que el plantel se ha reconocido por el respeto de los profesores y profesoras hacia los alumnos, pero ante las denuncias, lo m\u00e1s importantes es que las autoridades correspondientes hagan las investigaciones y no s\u00f3lo quedarse con la versi\u00f3n de un cartel.<\/p>\n\n\n\n<p>Durante la actividad, las j\u00f3venes prefieren no realizar declaraciones ante los medios de comunicaci\u00f3n, sin embargo, se mostraron seguras en la colocaci\u00f3n de sus carteles aun frente a las c\u00e1maras, incluso sin cubrirse el rostro.<\/p>\n\n\n\n<figure class=\"wp-block-embed is-type-rich is-provider-twitter wp-block-embed-twitter\"><div class=\"wp-block-embed__wrapper\">\n<div class=\"twitter-tweet\"><blockquote class=\"twitter-tweet\" data-lang=\"es\"><p lang=\"es\" dir=\"ltr\">Oaxaca de Ju\u00e1rez, Oax., a 9 de marzo de 2023.- \u201cTendedero\u201d de denuncia de acoso sexual en el Centro de Bachillerato Tecnol\u00f3gico, Industrial y de Servicios (CBTIS 26, al norte de la capital. <br>Transmisi\u00f3n \ud83d\udc47<a href=\"https:\/\/t.co\/wFKfgABCuH\">https:\/\/t.co\/wFKfgABCuH<\/a> <a href=\"https:\/\/t.co\/FsEsUNDuli\">pic.twitter.com\/FsEsUNDuli<\/a><\/p>&mdash; Zona Roja Oaxaca (@ZonaRoja_Oaxaca) <a href=\"https:\/\/twitter.com\/ZonaRoja_Oaxaca\/status\/1633916140240945156?ref_src=twsrc%5Etfw\">9 de marzo de 2023<\/a><\/blockquote><\/div>\n<\/div><\/figure>\n","protected":false},"excerpt":{"rendered":"<p>Yuridiana Sosa\/Zona Roja. Oaxaca de Ju\u00e1rez, OAx., a 9 de marzo de 2023.- Por primera&hellip;<\/p>\n","protected":false},"author":2,"featured_media":52600,"comment_status":"closed","ping_status":"open","sticky":false,"template":"","format":"standard","meta":{"_lmt_disableupdate":"","_lmt_disable":"","_jetpack_memberships_contains_paid_content":false,"footnotes":""},"categories":[109,47],"tags":[1397],"class_list":["post-52599","post","type-post","status-publish","format-standard","has-post-thumbnail","hentry","category-minuto-a-minuto","category-zona-gris","tag-cbtis-26"],"jetpack_featured_media_url":"https:\/\/zonaroja.com.mx\/wp-content\/uploads\/2023\/03\/Acoso-violencia-CBTIS-26.jpg","jetpack_sharing_enabled":true,"_links":{"self":[{"href":"https:\/\/zonaroja.com.mx\/index.php?rest_route=\/wp\/v2\/posts\/52599","targetHints":{"allow":["GET"]}}],"collection":[{"href":"https:\/\/zonaroja.com.mx\/index.php?rest_route=\/wp\/v2\/posts"}],"about":[{"href":"https:\/\/zonaroja.com.mx\/index.php?rest_route=\/wp\/v2\/types\/post"}],"author":[{"embeddable":true,"href":"https:\/\/zonaroja.com.mx\/index.php?rest_route=\/wp\/v2\/users\/2"}],"replies":[{"embeddable":true,"href":"https:\/\/zonaroja.com.mx\/index.php?rest_route=%2Fwp%2Fv2%2Fcomments&post=52599"}],"version-history":[{"count":1,"href":"https:\/\/zonaroja.com.mx\/index.php?rest_route=\/wp\/v2\/posts\/52599\/revisions"}],"predecessor-version":[{"id":52601,"href":"https:\/\/zonaroja.com.mx\/index.php?rest_route=\/wp\/v2\/posts\/52599\/revisions\/52601"}],"wp:featuredmedia":[{"embeddable":true,"href":"https:\/\/zonaroja.com.mx\/index.php?rest_route=\/wp\/v2\/media\/52600"}],"wp:attachment":[{"href":"https:\/\/zonaroja.com.mx\/index.php?rest_route=%2Fwp%2Fv2%2Fmedia&parent=52599"}],"wp:term":[{"taxonomy":"category","embeddable":true,"href":"https:\/\/zonaroja.com.mx\/index.php?rest_route=%2Fwp%2Fv2%2Fcategories&post=52599"},{"taxonomy":"post_tag","embeddable":true,"href":"https:\/\/zonaroja.com.mx\/index.php?rest_route=%2Fwp%2Fv2%2Ftags&post=52599"}],"curies":[{"name":"wp","href":"https:\/\/api.w.org\/{rel}","templated":true}]}}