{"id":52602,"date":"2023-03-09T17:58:53","date_gmt":"2023-03-09T23:58:53","guid":{"rendered":"http:\/\/www.zonaroja.com.mx\/?p=52602"},"modified":"2023-03-09T17:58:55","modified_gmt":"2023-03-09T23:58:55","slug":"cae-primer-ex-funcionario-de-alejandro-murat-ahora-van-por-christian-hernandez","status":"publish","type":"post","link":"https:\/\/zonaroja.com.mx\/?p=52602","title":{"rendered":"Cae primer ex funcionario de Alejandro Murat; ahora van por Christian Hern\u00e1ndez"},"content":{"rendered":"\n<p>Redacci\u00f3n\/Zona Roja.<\/p>\n\n\n\n<p>Oaxaca de Ju\u00e1rez, Oax., a 9 de marzo de 2023.- Jorge Z\u00e1rate Medina, director del Instituto Catastral en el sexenio del priista Alejandro Murat, fue detenido este jueves.<\/p>\n\n\n\n<p>De acuerdo con datos preliminares de la Fiscal\u00eda General del Estado de Oaxaca, es por el delito de ejercicio indebido del servicio p\u00fablico; estar\u00eda relacionado con el llamado \u201cC\u00e1rtel del despojo\u201d, ex funcionarios que se confabularon para quitar propiedades a particulares, bajo diversas argucias.<\/p>\n\n\n\n<p>En tanto, las fuentes adelantaron tambi\u00e9n que se ha liberado una orden de aprehensi\u00f3n en contra de Christian Hern\u00e1ndez Fuentes, quien fuera director del Registro Civil de Oaxaca, otra instituci\u00f3n involucrada con los casos de despojo.<\/p>\n\n\n\n<p>Sobre la detenci\u00f3n de Jorge Z\u00e1rate Medina, el gobernador Salom\u00f3n Jara Cruz confirm\u00f3:&nbsp;<\/p>\n\n\n\n<p>\u201cNos han informado que fue detenido un exfuncionario que ha sido se\u00f1alado como parte del Cartel del Despojo. Aplaudimos el trabajo de la&nbsp;<\/p>\n\n\n\n<p>@FISCALIA_GobOax y de la Fiscal\u00eda Anticorrupci\u00f3n por su compromiso para acabar con ese lastre que tanto ha da\u00f1ado a nuestro pueblo. Estaremos pendientes de este proceso para que se haga justicia y se aplique la ley con todo rigor\u201d.<\/p>\n\n\n\n<p>Hasta el momento no hay una versi\u00f3n oficial de la Fiscal\u00eda General del Estado de Oaxaca.<\/p>\n","protected":false},"excerpt":{"rendered":"<p>Redacci\u00f3n\/Zona Roja. Oaxaca de Ju\u00e1rez, Oax., a 9 de marzo de 2023.- Jorge Z\u00e1rate Medina,&hellip;<\/p>\n","protected":false},"author":2,"featured_media":52603,"comment_status":"closed","ping_status":"open","sticky":false,"template":"","format":"standard","meta":{"_lmt_disableupdate":"","_lmt_disable":"","_jetpack_memberships_contains_paid_content":false,"footnotes":""},"categories":[109,47],"tags":[],"class_list":["post-52602","post","type-post","status-publish","format-standard","has-post-thumbnail","hentry","category-minuto-a-minuto","category-zona-gris"],"jetpack_featured_media_url":"https:\/\/zonaroja.com.mx\/wp-content\/uploads\/2023\/03\/Jorge-Zarate-Medina.jpeg","jetpack_sharing_enabled":true,"_links":{"self":[{"href":"https:\/\/zonaroja.com.mx\/index.php?rest_route=\/wp\/v2\/posts\/52602","targetHints":{"allow":["GET"]}}],"collection":[{"href":"https:\/\/zonaroja.com.mx\/index.php?rest_route=\/wp\/v2\/posts"}],"about":[{"href":"https:\/\/zonaroja.com.mx\/index.php?rest_route=\/wp\/v2\/types\/post"}],"author":[{"embeddable":true,"href":"https:\/\/zonaroja.com.mx\/index.php?rest_route=\/wp\/v2\/users\/2"}],"replies":[{"embeddable":true,"href":"https:\/\/zonaroja.com.mx\/index.php?rest_route=%2Fwp%2Fv2%2Fcomments&post=52602"}],"version-history":[{"count":1,"href":"https:\/\/zonaroja.com.mx\/index.php?rest_route=\/wp\/v2\/posts\/52602\/revisions"}],"predecessor-version":[{"id":52604,"href":"https:\/\/zonaroja.com.mx\/index.php?rest_route=\/wp\/v2\/posts\/52602\/revisions\/52604"}],"wp:featuredmedia":[{"embeddable":true,"href":"https:\/\/zonaroja.com.mx\/index.php?rest_route=\/wp\/v2\/media\/52603"}],"wp:attachment":[{"href":"https:\/\/zonaroja.com.mx\/index.php?rest_route=%2Fwp%2Fv2%2Fmedia&parent=52602"}],"wp:term":[{"taxonomy":"category","embeddable":true,"href":"https:\/\/zonaroja.com.mx\/index.php?rest_route=%2Fwp%2Fv2%2Fcategories&post=52602"},{"taxonomy":"post_tag","embeddable":true,"href":"https:\/\/zonaroja.com.mx\/index.php?rest_route=%2Fwp%2Fv2%2Ftags&post=52602"}],"curies":[{"name":"wp","href":"https:\/\/api.w.org\/{rel}","templated":true}]}}