{"id":52605,"date":"2023-03-09T20:05:04","date_gmt":"2023-03-10T02:05:04","guid":{"rendered":"http:\/\/www.zonaroja.com.mx\/?p=52605"},"modified":"2023-03-09T20:05:06","modified_gmt":"2023-03-10T02:05:06","slug":"entre-gritos-de-fraude-rinde-protesta-nuevo-titular-de-comision-de-victimas-en-oaxaca","status":"publish","type":"post","link":"https:\/\/zonaroja.com.mx\/?p=52605","title":{"rendered":"Entre gritos de fraude rinde protesta nuevo titular de Comisi\u00f3n de V\u00edctimas en Oaxaca"},"content":{"rendered":"\n<p>Yuridiana Sosa\/Zona Roja.<\/p>\n\n\n\n<p>Oaxaca de Ju\u00e1rez, Oax., a 9 de marzo de 2023.- \u201c\u00a1Fuera, fuera, fuera!\u201d, \u201c\u00a1Fraude, fraude, fraude!\u201d, se escuch\u00f3 en un\u00edsono desde galer\u00edas de la sala de sesiones de la 65 Legislatura del Congreso del Estado, mientras el nuevo y primer titular de la Comisi\u00f3n Ejecutiva Estatal de Atenci\u00f3n Integral a V\u00edctimas, H\u00e9ctor Eduardo Vila Ortiz, rindi\u00f3 protesta ante el pleno.<\/p>\n\n\n\n<p>Durante la sesi\u00f3n extraordinaria de ayer, el pleno vot\u00f3 la terna enviada por el gobernador Salom\u00f3n Jara Cruz para elegir a la persona comisionada para este cargo. Pero el proceso estuvo plagado de inconformidades hasta por parte de los diputados.<\/p>\n\n\n\n<p>\u201c\u00a1Pero si no los conocemos!\u201d, \u201c\u00a1No sabemos de sus perfiles, no tenemos informaci\u00f3n, no la vemos!\u201d, manifestaron diputados y diputadas, entre ellos Horacio Sosa Villavicencio.<\/p>\n\n\n\n<p>As\u00ed, en medio de cuestionamientos, en la que incluso se llam\u00f3 a la Junta de Coordinaci\u00f3n Pol\u00edtica a que m\u00ednimo hubiera enviado fotograf\u00eda para poder emitir sus votos, inici\u00f3 la votaci\u00f3n para la cual era necesaria la aprobaci\u00f3n de las dos terceras partes de los asistentes y mediante el sistema electr\u00f3nico.<\/p>\n\n\n\n<p>Con cero votos resultaron Mar\u00eda Elizabeth Ben\u00edtez Crist\u00f3bal e Iris Aurea Sapien Bautista, mientras que H\u00e9ctor Eduardo Vila Ortiz recibi\u00f3, seg\u00fan la secretar\u00eda, 25 votos, pero en la pantalla s\u00f3lo se vieron 22; tres sufragios se habr\u00edan realizado de viva voz por fallas.<\/p>\n\n\n\n<p>El error del sistema, de acuerdo con la secretaria de la Mesa Directiva, m\u00e1s el no conocer los perfiles de los candidatos, motiv\u00f3 la molestia de los asistentes, que fue desde colectivas presentes en la sala de sesiones hasta por diputados y diputadas.<\/p>\n\n\n\n<p>&nbsp;\u201c\u00a1Fraude, fraude, fraude!\u201d, se escuch\u00f3 de manera incesante en la sala del pleno en rechazo al proceso. \u201c\u00a1No estamos de acuerdo!\u201d, \u201c\u00a1Que se cancele!\u201d, ped\u00edan a la Mesa Directiva y a la Jucopo.<\/p>\n\n\n\n<p>En medio de los gritos de protesta subi\u00f3 Vila Ortiz a rendir protesta como el Comisionado Ejecutivo Estatal de la Comisi\u00f3n Ejecutiva Estatal de Atenci\u00f3n Integral a V\u00edctimas.<\/p>\n\n\n\n<p>\u00a1Que se presente!, grit\u00f3 Sosa Villavicencio entre las voces de inconformidad, pero la petici\u00f3n fue ignorada.<\/p>\n\n\n\n<p>El enojo por el proceso llev\u00f3 a la parte inconforme a los insultos y hasta lanzamiento de objetos de contra los diputados, pues aseguraron que esa persona no los representa.<\/p>\n\n\n\n<p>QUI\u00c9N ES EL COMISIONADO<\/p>\n\n\n\n<p>H\u00e9ctor Eduardo Vila Ortiz es licenciado en Derecho. Se desempe\u00f1\u00f3 como jefe del departamento Delegaci\u00f3n Oaxaca de la Comisi\u00f3n Ejecutiva de Atenci\u00f3n a V\u00edctimas del gobierno federal.<\/p>\n\n\n\n<p>Anteriormente trabaj\u00f3 en el Congreso del Estado de Oaxaca durante la 63 Legislatura como asesor.<\/p>\n\n\n\n<p>En el sector privado se ha desempe\u00f1ado como colaborador en el \u00e1rea jur\u00eddica y en el<\/p>\n\n\n\n<p>Centro de Derechos Humanos \u201cMiguel Agust\u00edn Pro Ju\u00e1rez\u201d, A.C. como voluntario en el \u00e1rea de defensa integral.<\/p>\n\n\n\n<figure class=\"wp-block-embed is-type-rich is-provider-twitter wp-block-embed-twitter\"><div class=\"wp-block-embed__wrapper\">\n<div class=\"twitter-tweet\"><blockquote class=\"twitter-tweet\" data-lang=\"es\"><p lang=\"es\" dir=\"ltr\">Entre gritos de \u201cfraude\u201d, el <a href=\"https:\/\/twitter.com\/CongresoOaxaca_?ref_src=twsrc%5Etfw\">@CongresoOaxaca_<\/a> eligi\u00f3 ayer el nuevo y primer titular de la Comisi\u00f3n Ejecutiva Estatal de Atenci\u00f3n Integral a V\u00edctimas, H\u00e9ctor Eduardo Vila Ortiz, quien rindi\u00f3 protesta ante el pleno. No estaba contemplado en la terna. <a href=\"https:\/\/t.co\/YQWwifwckH\">pic.twitter.com\/YQWwifwckH<\/a><\/p>&mdash; Zona Roja Oaxaca (@ZonaRoja_Oaxaca) <a href=\"https:\/\/twitter.com\/ZonaRoja_Oaxaca\/status\/1633954800256659462?ref_src=twsrc%5Etfw\">9 de marzo de 2023<\/a><\/blockquote><\/div>\n<\/div><\/figure>\n","protected":false},"excerpt":{"rendered":"<p>Yuridiana Sosa\/Zona Roja. Oaxaca de Ju\u00e1rez, Oax., a 9 de marzo de 2023.- \u201c\u00a1Fuera, fuera,&hellip;<\/p>\n","protected":false},"author":2,"featured_media":52606,"comment_status":"closed","ping_status":"open","sticky":false,"template":"","format":"standard","meta":{"_lmt_disableupdate":"","_lmt_disable":"","_jetpack_memberships_contains_paid_content":false,"footnotes":""},"categories":[109,47],"tags":[2743],"class_list":["post-52605","post","type-post","status-publish","format-standard","has-post-thumbnail","hentry","category-minuto-a-minuto","category-zona-gris","tag-65-legislatura-del-estado-de-oaxaca"],"jetpack_featured_media_url":"https:\/\/zonaroja.com.mx\/wp-content\/uploads\/2023\/03\/Congreso-titular-Comision-Victimas.jpg","jetpack_sharing_enabled":true,"_links":{"self":[{"href":"https:\/\/zonaroja.com.mx\/index.php?rest_route=\/wp\/v2\/posts\/52605","targetHints":{"allow":["GET"]}}],"collection":[{"href":"https:\/\/zonaroja.com.mx\/index.php?rest_route=\/wp\/v2\/posts"}],"about":[{"href":"https:\/\/zonaroja.com.mx\/index.php?rest_route=\/wp\/v2\/types\/post"}],"author":[{"embeddable":true,"href":"https:\/\/zonaroja.com.mx\/index.php?rest_route=\/wp\/v2\/users\/2"}],"replies":[{"embeddable":true,"href":"https:\/\/zonaroja.com.mx\/index.php?rest_route=%2Fwp%2Fv2%2Fcomments&post=52605"}],"version-history":[{"count":1,"href":"https:\/\/zonaroja.com.mx\/index.php?rest_route=\/wp\/v2\/posts\/52605\/revisions"}],"predecessor-version":[{"id":52607,"href":"https:\/\/zonaroja.com.mx\/index.php?rest_route=\/wp\/v2\/posts\/52605\/revisions\/52607"}],"wp:featuredmedia":[{"embeddable":true,"href":"https:\/\/zonaroja.com.mx\/index.php?rest_route=\/wp\/v2\/media\/52606"}],"wp:attachment":[{"href":"https:\/\/zonaroja.com.mx\/index.php?rest_route=%2Fwp%2Fv2%2Fmedia&parent=52605"}],"wp:term":[{"taxonomy":"category","embeddable":true,"href":"https:\/\/zonaroja.com.mx\/index.php?rest_route=%2Fwp%2Fv2%2Fcategories&post=52605"},{"taxonomy":"post_tag","embeddable":true,"href":"https:\/\/zonaroja.com.mx\/index.php?rest_route=%2Fwp%2Fv2%2Ftags&post=52605"}],"curies":[{"name":"wp","href":"https:\/\/api.w.org\/{rel}","templated":true}]}}