{"id":52608,"date":"2023-03-09T21:53:46","date_gmt":"2023-03-10T03:53:46","guid":{"rendered":"http:\/\/www.zonaroja.com.mx\/?p=52608"},"modified":"2023-03-09T21:53:48","modified_gmt":"2023-03-10T03:53:48","slug":"el-gobierno-de-neri-si-robar-si-mentir-y-si-traicionar-al-pueblo","status":"publish","type":"post","link":"https:\/\/zonaroja.com.mx\/?p=52608","title":{"rendered":"El gobierno de Neri: \u201cs\u00ed robar, s\u00ed mentir y s\u00ed traicionar al pueblo\u201d"},"content":{"rendered":"\n<p>Ismael Garc\u00eda M.\/Zona Roja.<\/p>\n\n\n\n<p>Oaxaca de Ju\u00e1rez, Oax., a 9 de marzo de 2023.- El gobierno de Francisco Mart\u00ednez Neri hace exactamente lo contrario de los postulados de la Cuarta Transformaci\u00f3n: \u201cs\u00ed mentir, s\u00ed robar y s\u00ed traicionar al pueblo\u201d.<\/p>\n\n\n\n<p>Pero adem\u00e1s, este jueves agreg\u00f3 p\u00fablicamente otra irregularidad: la censura.&nbsp;<\/p>\n\n\n\n<p>Ello en el contexto del robo masivo de veh\u00edculos en el encierro \u201cPrimavera\u201d, discusi\u00f3n en la sesi\u00f3n de Cabildo que fue censurada en la transmisi\u00f3n en vivo por internet.<\/p>\n\n\n\n<p>\u201cMe pregunto si ustedes est\u00e1n de acuerdo en escuchar solamente las partes buenas, las partes de propuestas, pero luego el que se corte las partes en que vienen los debates, en que se tienen que dar, donde se tiene que hablar la verdad de este municipio.<\/p>\n\n\n\n<p>\u201cNo est\u00e1 bien la transmisi\u00f3n; todo lo que ustedes se est\u00e1n empe\u00f1ando en decir fue cortado desde asuntos generales; es decir, algo se est\u00e1 ocultando y me gustar\u00eda saber por qu\u00e9\u201d, cuestion\u00f3 la regidora priista Jocabed Betanzos.<\/p>\n\n\n\n<p>Ello porque presuntamente el \u00e1rea de comunicaci\u00f3n censur\u00f3 la parte de las discusiones sobre el robo masivo de veh\u00edculos, en que estar\u00eda involucrado el secretario de Gobierno, Felipe Canseco Ruiz.<\/p>\n\n\n\n<p>\u201cDeb\u00eda una transparencia que no est\u00e1 existiendo, no es as\u00ed, no se callen; ciudadanos, abran los ojos\u201d, reiter\u00f3 la representante popular.<\/p>\n\n\n\n<p>Mart\u00ednez Neri intent\u00f3 evadir su responsabilidad:<\/p>\n\n\n\n<p>\u201cLa administraci\u00f3n municipal, mucho menos el Cabildo, est\u00e1 en la disposici\u00f3n de que de manera intencionada o como sea, se est\u00e9 cortando esta transmisi\u00f3n. Me est\u00e1 comunicando el encargo de Comunicaci\u00f3n Social que se est\u00e1 grabando esta parte y le exijo que se suba de inmediato esta grabaci\u00f3n, la parte que no se escuch\u00f3, que se suba, que se guarde\u201d, dijo.<\/p>\n\n\n\n<p>En la sesi\u00f3n de Cabildo, se recrimin\u00f3 al edil surgido de Morena el ocultamiento de la informaci\u00f3n respecto al robo de m\u00e1s de 700 unidades de motor, iniciado desde marzo del a\u00f1o pasado, pero denunciado apenas en octubre anterior.<\/p>\n\n\n\n<p>AUDIO COMPROMETEDOR<\/p>\n\n\n\n<p>En tanto, v\u00eda redes sociales fue compartido un audio en que se evidencian los participantes de la trama para saquear las unidades del encierro primavera.<\/p>\n\n\n\n<p>Presuntamente participan Alejandro Garc\u00eda Pe\u00f1a, funcionario de la Secretar\u00eda de Gobierno municipal, cercano colaborador de Felipe Canseco, as\u00ed como Sebasti\u00e1n Garc\u00eda D\u00edaz.<\/p>\n\n\n\n<p>\u2014Ahorita ellos tienen que comprometerse en que los veh\u00edculos (robados) aparecen; y la bronca es que hay otros veh\u00edculos que no est\u00e1n en la lista, que tendr\u00edan ellos, sino habr\u00eda que ver por d\u00f3nde est\u00e1n \u2014dice una voz.<\/p>\n\n\n\n<p>\u2014Entonces en la mesa de trabajo nos presentamos con la informaci\u00f3n que tenemos.<\/p>\n\n\n\n<p>\u2014No, mira, la cosa es que ma\u00f1ana los n\u00fameros tienen que cambiar, porque tienen que aparecer los veh\u00edculos, es el compromiso que se dio.<\/p>\n\n\n\n<p>\u2014Trate de checar si se suspende la reuni\u00f3n de ma\u00f1ana\u2026<\/p>\n\n\n\n<p>En otra parte de la misma conversaci\u00f3n:<\/p>\n\n\n\n<p>\u2014Mira, ya este, estamos platicando ac\u00e1 con el secretario (de Gobierno), viendo la situaci\u00f3n\u2026 ya hablando de manera muy cercana con la directora y con Jos\u00e9 Luis, es que si se fueron esos veh\u00edculos, que se regresen, a ver c\u00f3mo madres le hacen; esa fue la posici\u00f3n que se asumi\u00f3 ahorita.<\/p>\n\n\n\n<p>Al t\u00e9rmino de la sesi\u00f3n de Cabildo, el edil capitalino reconoci\u00f3 la gravedad del caso:<\/p>\n\n\n\n<p>\u201cDe lo que ocurri\u00f3 en el municipio, hay que dar la cuenta de la conducta de personas; ese tipo de cosas tienen que compartirse, porque fue tan grave el tema que de ninguna manera debe quedar impune\u2026<\/p>\n\n\n\n<p>\u201cEn este tipo de cosas, \u2018fue Tet\u00e9\u2019; es usual que la gente en este tipo de conductas le eche la culpa a los otros\u201d, intent\u00f3 defender al secretario de Gobierno, Felipe Canseco Ruiz.<\/p>\n","protected":false},"excerpt":{"rendered":"<p>Ismael Garc\u00eda M.\/Zona Roja. Oaxaca de Ju\u00e1rez, Oax., a 9 de marzo de 2023.- El&hellip;<\/p>\n","protected":false},"author":2,"featured_media":52609,"comment_status":"closed","ping_status":"open","sticky":false,"template":"","format":"standard","meta":{"_lmt_disableupdate":"","_lmt_disable":"","_jetpack_memberships_contains_paid_content":false,"footnotes":""},"categories":[109,47],"tags":[2418,148],"class_list":["post-52608","post","type-post","status-publish","format-standard","has-post-thumbnail","hentry","category-minuto-a-minuto","category-zona-gris","tag-francisco-martinez-neri","tag-oaxaca-de-juarez"],"jetpack_featured_media_url":"https:\/\/zonaroja.com.mx\/wp-content\/uploads\/2023\/03\/Sesion-de-Cabildo-Oaxaca-de-Juarez.jpg","jetpack_sharing_enabled":true,"_links":{"self":[{"href":"https:\/\/zonaroja.com.mx\/index.php?rest_route=\/wp\/v2\/posts\/52608","targetHints":{"allow":["GET"]}}],"collection":[{"href":"https:\/\/zonaroja.com.mx\/index.php?rest_route=\/wp\/v2\/posts"}],"about":[{"href":"https:\/\/zonaroja.com.mx\/index.php?rest_route=\/wp\/v2\/types\/post"}],"author":[{"embeddable":true,"href":"https:\/\/zonaroja.com.mx\/index.php?rest_route=\/wp\/v2\/users\/2"}],"replies":[{"embeddable":true,"href":"https:\/\/zonaroja.com.mx\/index.php?rest_route=%2Fwp%2Fv2%2Fcomments&post=52608"}],"version-history":[{"count":1,"href":"https:\/\/zonaroja.com.mx\/index.php?rest_route=\/wp\/v2\/posts\/52608\/revisions"}],"predecessor-version":[{"id":52610,"href":"https:\/\/zonaroja.com.mx\/index.php?rest_route=\/wp\/v2\/posts\/52608\/revisions\/52610"}],"wp:featuredmedia":[{"embeddable":true,"href":"https:\/\/zonaroja.com.mx\/index.php?rest_route=\/wp\/v2\/media\/52609"}],"wp:attachment":[{"href":"https:\/\/zonaroja.com.mx\/index.php?rest_route=%2Fwp%2Fv2%2Fmedia&parent=52608"}],"wp:term":[{"taxonomy":"category","embeddable":true,"href":"https:\/\/zonaroja.com.mx\/index.php?rest_route=%2Fwp%2Fv2%2Fcategories&post=52608"},{"taxonomy":"post_tag","embeddable":true,"href":"https:\/\/zonaroja.com.mx\/index.php?rest_route=%2Fwp%2Fv2%2Ftags&post=52608"}],"curies":[{"name":"wp","href":"https:\/\/api.w.org\/{rel}","templated":true}]}}