{"id":52624,"date":"2023-03-10T09:22:00","date_gmt":"2023-03-10T15:22:00","guid":{"rendered":"http:\/\/www.zonaroja.com.mx\/?p=52624"},"modified":"2023-03-10T07:24:54","modified_gmt":"2023-03-10T13:24:54","slug":"entre-culpas-violencia-desalojos-e-incesantes-protestas-llega-jara-cruz-a-los-100-dias","status":"publish","type":"post","link":"https:\/\/zonaroja.com.mx\/?p=52624","title":{"rendered":"Entre culpas, violencia, desalojos e incesantes protestas, llega Jara Cruz a los 100 d\u00edas"},"content":{"rendered":"\n<p>Yuridiana Sosa\/ Zona Roja.<\/p>\n\n\n\n<p>Oaxaca de Ju\u00e1rez, Oax., a 4 de marzo de 2023.- \u201cNo tiene derecho a fallar; tiene que estar a la altura de las circunstancias\u201d, fue el encargo del Presidente Andr\u00e9s Manuel L\u00f3pez Obrador al gobernador Salom\u00f3n Jara Cruz, en enero, a mes y medios de iniciado su mandato, pero hoy, las fallas y los fracasos son m\u00faltiples.<\/p>\n\n\n\n<p>A 100 d\u00edas de gobierno, que se cumplen este 10 de marzo, la llamada \u201cprimavera oaxaque\u00f1a\u201d se ha te\u00f1ido de rojo con un alza de homicidios dolosos y feminicidios, que ha alcanzado a los infantes; bloqueos y protestas diarias en reclamo de di\u00e1logo, pero que han llegado al desalojo violento.<\/p>\n\n\n\n<p>Por ahora, no hay obra p\u00fablica de impacto que se haya anunciado, pero s\u00ed acusaciones de una posible inestabilidad gestada desde el gobierno anterior y el ex gobernador Jos\u00e9 Murat.<\/p>\n\n\n\n<p>Retenciones en las poblaciones por la falta de gobernabilidad y hasta linchamientos, por la inseguridad, son otras complicaciones que se han vivido en tres meses de la administraci\u00f3n de la cuarta transformaci\u00f3n.<\/p>\n\n\n\n<p>\u201cImag\u00ednense gobernar Oaxaca, la tierra que vio nacer al mejor Presidente de M\u00e9xico, Benito Ju\u00e1rez; quien gobierna mal Oaxaca, yo creo que si duerme le da pesadilla, no duerme tranquilo, y en una de esas hasta el Benem\u00e9rito y Flores Mag\u00f3n los jalan de los pies y no los dejan tranquilos\u201d, sentenci\u00f3 L\u00f3pez Obrador en su primera, y hasta ahora \u00fanica, visita a Oaxaca durante el gobierno de Jara Cruz, el 15 de enero pasado.<\/p>\n\n\n\n<p>INSEGURIDAD<\/p>\n\n\n\n<p>Conforme pasan los d\u00edas, la entidad registra \u00edndices de violencia alarmantes y una incesante desaparici\u00f3n de personas. Fichas de b\u00fasqueda para localizar a cada vez m\u00e1s infantes, adolescentes, mujeres y hombres se reportan a diario.<\/p>\n\n\n\n<p>Para exigir mayores acciones del gobierno del estado para su localizaci\u00f3n, familiares de las v\u00edctimas realizan marchas y protestas para ser escuchados; seguridad para que las mujeres transiten en las calles, es lo que tambi\u00e9n demandan.<\/p>\n\n\n\n<p>El propio gobernador de Oaxaca, Salom\u00f3n Jara y el titular de la Secretar\u00eda de Seguridad, Iv\u00e1n Garc\u00eda, reconocieron el enero un incremento en hechos como homicidios y feminicidios, pero los cuales son motivo de una \u201cinercia\u201d del gobierno anterior. Pero en febrero, las condiciones no cambiaron.<\/p>\n\n\n\n<p>Cifras del Secretariado Ejecutivo del Sistema Nacional de Seguridad P\u00fablica se\u00f1alaron que durante el enero \u2013segundo mes de administraci\u00f3n del gobierno de Salom\u00f3n Jara- se registr\u00f3 un total de 85 homicidios dolosos, con una tasa de dos v\u00edctimas por cada 100 mil habitantes, mayor a la media nacional y un incremento de hasta un 34.9 por ciento en comparaci\u00f3n a enero de 2022.<\/p>\n\n\n\n<p>En febrero, los hechos violentos no se han frenado pese a las reuniones de Mesas de Seguridad que el Gobierno de Oaxaca implementa, m\u00e1s la llegada de Marinos para intensificar la seguridad.<\/p>\n\n\n\n<p>Un ejemplo del nivel de violencia se vivi\u00f3 durante el \u00faltimo fin de semana de febrero, cuando en s\u00f3lo dos d\u00edas, entre el domingo 26 y lunes 27, 14 personas fueron asesinadas en la entidad, entre los que se ejecutaron dos feminicidios y dos linchamientos.<\/p>\n\n\n\n<p>Entre las acciones que hab\u00eda \u201catinado\u201d a realizar el gobierno Jara Cruz fue, junto al gobierno federal, la reinstalaci\u00f3n de la mesa de \u201cConstrucci\u00f3n de paz,&nbsp;justicia y bienestar&nbsp;para la naci\u00f3n triqui\u201d,junto a organizaciones sociales, pero que la misma inseguridad bloque\u00f3 su progreso.<\/p>\n\n\n\n<p>Pues el MULT se levant\u00f3 de la mesa tras agresiones armadas y asesinato de cuatro de sus integrantes entre el 28 de enero y el 9 de febrero; exigi\u00f3 al gobierno del estado justicia, esclarecimiento del caso y detenci\u00f3n de los responsables.<\/p>\n\n\n\n<p>FEMINICIDIOS<\/p>\n\n\n\n<p>En la actual administraci\u00f3n se han cometido cerca de 50 feminicidios, de acuerdo a reportes de organismos civiles.<\/p>\n\n\n\n<p>Datos oficiales del SESNSP reconocieron que en enero se cometieron 10 feminicidios, cifra que, a pesar de ser menor a la se\u00f1alada por las asociaciones, coloc\u00f3 a Oaxaca en el primer lugar nacional con v\u00edctimas por este delito.<\/p>\n\n\n\n<p>El reporte oficial m\u00e1s reciente reconoce que la entidad oaxaque\u00f1a acumul\u00f3 la mayor cantidad de municipios con este delito, al acumular ocho en la lista de \u201c62 municipios con presuntos delitos de feminicidio, enero 2023\u201d.<\/p>\n\n\n\n<p>Entre los hechos m\u00e1s recientes contra las mujeres se registr\u00f3 el hallazgo de osamentas de dos personas del sexo femenino, en Santiago Jamiltepec, en la regi\u00f3n Costa de Oaxaca.<\/p>\n\n\n\n<p>Fue en terrenos de cultivo donde se encontraron, en dos puntos distintos, restos \u00f3seos con prendas de vestir de mujer.<\/p>\n\n\n\n<p>Entre los cr\u00edmenes que m\u00e1s conmovieron a la sociedad fueron contra dos hermanas, J. G. R. de 19 a\u00f1os y N.G.R de 17 a\u00f1os, asesinadas por su padre, M. A. G. D. de 60 a\u00f1os, quien dentro de su domicilio las golpe\u00f3 con un bate hasta matarlas, despu\u00e9s, las envolvi\u00f3 en s\u00e1banas.<\/p>\n\n\n\n<p>As\u00ed como el doble infanticidio contra los hermanos a peque\u00f1a Perla de nueve a\u00f1os y Daniel de siete a\u00f1os, asesinados por asfixia y localizados entre la maleza a orilla de un camino que comunica a Juchit\u00e1n con El Espinal.<\/p>\n\n\n\n<p>Por estos hechos, organizaciones civiles y hasta la 65 Legislatura de Oaxaca han realizado llamados al Gobierno de Oaxaca para que haya un cese a la violencia feminicida y los infanticidios; adem\u00e1s de frenar la violencia generalizada en la entidad.<\/p>\n\n\n\n<p>LAS CULPAS<\/p>\n\n\n\n<p>\u201cY yo espero que no tenga metidas las manos el se\u00f1or Jos\u00e9 Murat creando inestabilidad o creando condiciones que permitan ver mayor crecimiento de delitos\u201d respondi\u00f3 Jara Cruz ante la ola de violencia en Oaxaca.<\/p>\n\n\n\n<p>Desde el gobierno de la entidad, el alto \u00edndice de hechos violentos no s\u00f3lo son un efecto de inercia de la pasada administraci\u00f3n, tambi\u00e9n puede ser ocasionada por el ex gobernador Jos\u00e9 Murat, y del ex secretario Ejecutivo del Sistema Estatal de Seguridad, Jos\u00e9 Manuel Vera Salinas.<\/p>\n\n\n\n<p>Al no lograr la Secretaria de Gobierno que dirige Jes\u00fas Romero mayores avances en las negociaciones con un grupo de mujeres triquis que lidera Lorena Merino, el gobernador Salom\u00f3n Jara tambi\u00e9n responsabiliz\u00f3 a Jos\u00e9 Murat de financiar el movimiento de los desplazados.<\/p>\n\n\n\n<p>Ante la injerencia del ex mandatario estatal, apunt\u00f3 que s\u00f3lo queda denunciarlo p\u00fablicamente, pero hasta ahora no refiere sobre acciones legales contra Murat.<\/p>\n\n\n\n<p>PROTESTAS Y DESALOJOS<\/p>\n\n\n\n<p>Decenas de protestas y bloqueos se registran cada semana en Oaxaca, en las diferentes regiones, pero con mayor intensidad en la ciudad de Oaxaca, donde pobladores, organizaciones, sindicatos, y normalistas se quejan de la falta de atenci\u00f3n de la Secretar\u00eda de Gobierno.<\/p>\n\n\n\n<p>Mientras que, desde la Secretar\u00eda de Gobierno y la Secretar\u00eda de Seguridad se han ejecutado dos operativos violentos el 28 de febrero y el 1 de marzo contra el mismo n\u00famero de protestas afuera de Palacio de Gobierno.<\/p>\n\n\n\n<p>El primero de ellos contra el grupo de cuatro ind\u00edgenas triquis que lidera Lorena Merino, quienes s\u00f3lo se manifestaban de manera pac\u00edfica, sin expedir ning\u00fan tipo de productos. El desalojo contra los manifestantes incluy\u00f3 el resto de los mismos, en el que participaron al menos medio centenar de elementos de la Polic\u00eda del Estado y Tur\u00edstica.<\/p>\n\n\n\n<p>El segundo, contra pobladores de Santiago Xiacu\u00ed, de la Sierra Ju\u00e1rez, por bloquear la calle lateral al Palacio de Gobierno y \u201ctomar\u201d dichas instalaciones para exigir un di\u00e1logo con el secretario de Gobierno, Jes\u00fas Romero.<\/p>\n\n\n\n<p>El operativo incluy\u00f3 el lanzamiento de gas lacrim\u00f3geno, golpes y empujones.<\/p>\n\n\n\n<p>Pero a estos hechos le antecede un operativo de desalojo contra ind\u00edgenas triquis para desocupar los bajos del Palacio de Gobierno, donde hab\u00edan permanecido por m\u00e1s de 10 a\u00f1os la protesta de los desplazados, ocurrido el 2 de diciembre y otro el 2 de febrero contra otro grupo minoritario de triquis, dirigido por Sergia Zepeda, para impedir que su marcha llegara a Palacio de Gobierno.<\/p>\n\n\n\n<p>Organizaciones y autoridades municipales tambi\u00e9n se posicionaron contra el actuar del gobierno de la cuarta transformaci\u00f3n sobre el derecho a la libre manifestaci\u00f3n.<\/p>\n\n\n\n<p>En contraste, el Gobierno del Estado ha permitido mayores afectaciones realizadas por normalistas y egresados, que durante sus jornadas de protesta han retenido camiones urbanos, cerrado diversas calles de la ciudad, causado contaminaci\u00f3n y vandalismo con el incendio de llantas, as\u00ed como robar mercanc\u00eda de camiones repartidores.<\/p>\n\n\n\n<p>Una muestra de la lenta y ap\u00e1tica atenci\u00f3n de la Secretar\u00eda de Gobierno a las protestas fue el extenso bloqueo por cinco d\u00edas que realizaron los habitantes de Santa Cruz Bamba, de Santo Domingo Tehuantepec, realizaron en la carretera federal 200.<\/p>\n\n\n\n<p>As\u00ed como el de pobladores de San Juan Guichicovi, de San Juan Mazatl\u00e1n y de Mat\u00edas Romero, al norte del Istmo, que bloquearon el tramo de Mogo\u00f1\u00e9 Viejo- Vixidu, tambi\u00e9n durante cinco d\u00edas, pero del que a\u00fan no hay soluci\u00f3n. Rechazan la obra del gasoducto del Corredor Interoce\u00e1nico.<\/p>\n\n\n\n<p>Por otra parte, autoridades municipales y agrarias de San Sebasti\u00e1n Nopalera, calificaron que el Secretario de Gobierno, Jes\u00fas Romero, es un obst\u00e1culo para el di\u00e1logo y dar fin al problema lim\u00edtrofe en la zona.<\/p>\n\n\n\n<p>Se\u00f1alaron que \u201chan realizado infinidad de llamadas a la Secretar\u00eda de Gobierno,&nbsp;sin que su titular Jes\u00fas Romero establezca una fecha para el&nbsp;contacto formal con el gobierno que&nbsp;encabeza Salom\u00f3n Jara\u201d.&nbsp;&nbsp;<\/p>\n\n\n\n<p>Mientras los problemas de Oaxaca contin\u00faan, el Comit\u00e9 Ejecutivo Estatal de Morena convoc\u00f3 a una marcha en la capital oaxaque\u00f1a para celebrar los 100 d\u00edas del gobierno de la transformaci\u00f3n en Oaxaca. En tanto, la tarde de hoy, el mandatario estatal rendir\u00e1 un informe de los poco m\u00e1s de tres meses de trabajo.<\/p>\n","protected":false},"excerpt":{"rendered":"<p>Yuridiana Sosa\/ Zona Roja. Oaxaca de Ju\u00e1rez, Oax., a 4 de marzo de 2023.- \u201cNo&hellip;<\/p>\n","protected":false},"author":2,"featured_media":52219,"comment_status":"closed","ping_status":"open","sticky":false,"template":"","format":"standard","meta":{"_lmt_disableupdate":"","_lmt_disable":"","_jetpack_memberships_contains_paid_content":false,"footnotes":""},"categories":[109,47],"tags":[939],"class_list":["post-52624","post","type-post","status-publish","format-standard","has-post-thumbnail","hentry","category-minuto-a-minuto","category-zona-gris","tag-salomon-jara-cruz"],"jetpack_featured_media_url":"https:\/\/zonaroja.com.mx\/wp-content\/uploads\/2023\/02\/Triquis-policias-Lorena-Merino-desalojo.jpg","jetpack_sharing_enabled":true,"_links":{"self":[{"href":"https:\/\/zonaroja.com.mx\/index.php?rest_route=\/wp\/v2\/posts\/52624","targetHints":{"allow":["GET"]}}],"collection":[{"href":"https:\/\/zonaroja.com.mx\/index.php?rest_route=\/wp\/v2\/posts"}],"about":[{"href":"https:\/\/zonaroja.com.mx\/index.php?rest_route=\/wp\/v2\/types\/post"}],"author":[{"embeddable":true,"href":"https:\/\/zonaroja.com.mx\/index.php?rest_route=\/wp\/v2\/users\/2"}],"replies":[{"embeddable":true,"href":"https:\/\/zonaroja.com.mx\/index.php?rest_route=%2Fwp%2Fv2%2Fcomments&post=52624"}],"version-history":[{"count":1,"href":"https:\/\/zonaroja.com.mx\/index.php?rest_route=\/wp\/v2\/posts\/52624\/revisions"}],"predecessor-version":[{"id":52625,"href":"https:\/\/zonaroja.com.mx\/index.php?rest_route=\/wp\/v2\/posts\/52624\/revisions\/52625"}],"wp:featuredmedia":[{"embeddable":true,"href":"https:\/\/zonaroja.com.mx\/index.php?rest_route=\/wp\/v2\/media\/52219"}],"wp:attachment":[{"href":"https:\/\/zonaroja.com.mx\/index.php?rest_route=%2Fwp%2Fv2%2Fmedia&parent=52624"}],"wp:term":[{"taxonomy":"category","embeddable":true,"href":"https:\/\/zonaroja.com.mx\/index.php?rest_route=%2Fwp%2Fv2%2Fcategories&post=52624"},{"taxonomy":"post_tag","embeddable":true,"href":"https:\/\/zonaroja.com.mx\/index.php?rest_route=%2Fwp%2Fv2%2Ftags&post=52624"}],"curies":[{"name":"wp","href":"https:\/\/api.w.org\/{rel}","templated":true}]}}