{"id":52634,"date":"2023-03-10T08:22:10","date_gmt":"2023-03-10T14:22:10","guid":{"rendered":"http:\/\/www.zonaroja.com.mx\/?p=52634"},"modified":"2023-03-10T08:27:33","modified_gmt":"2023-03-10T14:27:33","slug":"tras-el-dia-internacional-de-la-mujer-otro-feminicidio-en-oaxaca","status":"publish","type":"post","link":"https:\/\/zonaroja.com.mx\/?p=52634","title":{"rendered":"Tras el D\u00eda Internacional de la Mujer, otro feminicidio en Oaxaca"},"content":{"rendered":"\n<p>Ismael Garc\u00eda M.\/Zona Roja.<\/p>\n\n\n\n<p>Oaxaca de Ju\u00e1rez, Oax., a 10 de marzo de 2023.- Tras la conmemoraci\u00f3n del D\u00eda Internacional de la Mujer, otra mujer fue asesinada en Oaxaca.<\/p>\n\n\n\n<p>Fue la tarde-noche de ayer en que las autoridades municipales de San Antonino Castillo Velasco reportaron el hallazgo de un cuerpo sin vida en el paraje \u201cYazee\u201d.<\/p>\n\n\n\n<p>Tras ello, personal de la Fiscal\u00eda General del Estado de Oaxaca acudi\u00f3 para iniciar las indagatorias y el posterior levantamiento del cuerpo.<\/p>\n\n\n\n<p>Calzaba tenis negros, pantal\u00f3n de mezclilla color gris, mismas prendas que utilizaba Justa Sonia C. L., reportada como desaparecida, por lo cual podr\u00eda tratarse de la mujer de 28 a\u00f1os de edad.<\/p>\n\n\n\n<p>Fue el 8 de marzo, D\u00eda Internacional de la Mujer, en que el \u00e1rea respectiva de la Fiscal\u00eda emiti\u00f3 una ficha de \u201cAlerta Rosa\u201d \u2014ante riesgo eminente de su integridad f\u00edsica\u2014 de la mujer, vista por \u00faltima vez un d\u00eda antes en Rancho Galeana de Ocotl\u00e1n de Morelos.<\/p>\n\n\n\n<p>De acuerdo con la ficha, vest\u00eda pantal\u00f3n de mezclilla color gris, playera manga corta azul, chamarra aborregada color negro y tenis color negro con suela blanca. Se est\u00e1 a la espera de la informaci\u00f3n oficial de las autoridades correspondientes para corroborar la identidad.<\/p>\n","protected":false},"excerpt":{"rendered":"<p>Ismael Garc\u00eda M.\/Zona Roja. Oaxaca de Ju\u00e1rez, Oax., a 10 de marzo de 2023.- Tras&hellip;<\/p>\n","protected":false},"author":2,"featured_media":34293,"comment_status":"closed","ping_status":"open","sticky":false,"template":"","format":"standard","meta":{"_lmt_disableupdate":"","_lmt_disable":"","_jetpack_memberships_contains_paid_content":false,"footnotes":""},"categories":[109,51],"tags":[610,200],"class_list":["post-52634","post","type-post","status-publish","format-standard","has-post-thumbnail","hentry","category-minuto-a-minuto","category-zona-roja","tag-feminicidios-oaxaca","tag-san-antonino-castillo-velasco"],"jetpack_featured_media_url":"https:\/\/zonaroja.com.mx\/wp-content\/uploads\/2021\/11\/Mujer-asesinada-feminicidio-violencia-2.jpg","jetpack_sharing_enabled":true,"_links":{"self":[{"href":"https:\/\/zonaroja.com.mx\/index.php?rest_route=\/wp\/v2\/posts\/52634","targetHints":{"allow":["GET"]}}],"collection":[{"href":"https:\/\/zonaroja.com.mx\/index.php?rest_route=\/wp\/v2\/posts"}],"about":[{"href":"https:\/\/zonaroja.com.mx\/index.php?rest_route=\/wp\/v2\/types\/post"}],"author":[{"embeddable":true,"href":"https:\/\/zonaroja.com.mx\/index.php?rest_route=\/wp\/v2\/users\/2"}],"replies":[{"embeddable":true,"href":"https:\/\/zonaroja.com.mx\/index.php?rest_route=%2Fwp%2Fv2%2Fcomments&post=52634"}],"version-history":[{"count":2,"href":"https:\/\/zonaroja.com.mx\/index.php?rest_route=\/wp\/v2\/posts\/52634\/revisions"}],"predecessor-version":[{"id":52636,"href":"https:\/\/zonaroja.com.mx\/index.php?rest_route=\/wp\/v2\/posts\/52634\/revisions\/52636"}],"wp:featuredmedia":[{"embeddable":true,"href":"https:\/\/zonaroja.com.mx\/index.php?rest_route=\/wp\/v2\/media\/34293"}],"wp:attachment":[{"href":"https:\/\/zonaroja.com.mx\/index.php?rest_route=%2Fwp%2Fv2%2Fmedia&parent=52634"}],"wp:term":[{"taxonomy":"category","embeddable":true,"href":"https:\/\/zonaroja.com.mx\/index.php?rest_route=%2Fwp%2Fv2%2Fcategories&post=52634"},{"taxonomy":"post_tag","embeddable":true,"href":"https:\/\/zonaroja.com.mx\/index.php?rest_route=%2Fwp%2Fv2%2Ftags&post=52634"}],"curies":[{"name":"wp","href":"https:\/\/api.w.org\/{rel}","templated":true}]}}