{"id":52637,"date":"2023-03-10T08:43:25","date_gmt":"2023-03-10T14:43:25","guid":{"rendered":"http:\/\/www.zonaroja.com.mx\/?p=52637"},"modified":"2023-03-10T08:43:27","modified_gmt":"2023-03-10T14:43:27","slug":"jorge-z-m-robo-expedientes-con-datos-confidenciales-de-inmuebles-para-probables-despojos","status":"publish","type":"post","link":"https:\/\/zonaroja.com.mx\/?p=52637","title":{"rendered":"Jorge Z. M. rob\u00f3 expedientes con datos confidenciales de inmuebles, para probables despojos"},"content":{"rendered":"\n<p>Ismael Garc\u00eda M.\/Zona Roja.<\/p>\n\n\n\n<p>Oaxaca de Ju\u00e1rez, Oax., a 10 de marzo de 2023.- Al menos cuatro expedientes, con informaci\u00f3n confidencial de inmuebles para probables despojos, habr\u00eda robado Jorge A. Z. M., quien fuera director del Instituto Catastral en el sexenio de Alejandro Murat Hinojosa.<\/p>\n\n\n\n<p>El Ministerio P\u00fablico de la Fiscal\u00eda General del Estado de Oaxaca solicit\u00f3 una orden de aprehensi\u00f3n bajo la causa penal 260\/2023, contra la citada persona, misma que ejecut\u00f3 ayer contra el ex funcionario, por el delito de ejercicio il\u00edcito del servicio p\u00fablico, cometido en perjuicio de la administraci\u00f3n p\u00fablica del estado Oaxaca.<\/p>\n\n\n\n<p>De acuerdo con documentos publicados por el reportero Jaime Guerrero, se trata de los siguientes expedientes:<\/p>\n\n\n\n<p>El d\u00eda 18 de enero del a\u00f1o 2021, Jorge A. Z. M. orden\u00f3 a la ciudadana Mariela Josefina G. V., jefa de oficina 15, de la Secretaria de Finanzas del Estado de Oaxaca, en funciones de asistente en la Direcci\u00f3n General del Instituto Catastral del Estado de Oaxaca, solicitara al \u00e1rea de archivo de<\/p>\n\n\n\n<p>concentraci\u00f3n del Instituto Catastral, el expediente n\u00famero 01\/5577\/3 relacionado con tr\u00e1mites del contribuyente Jos\u00e9 Enrique G. G., debido esta orden, tras lo cual se lo entreg\u00f3 a su superior jer\u00e1rquico inmediato, Jorge A. Z. M.<\/p>\n\n\n\n<p>El d\u00eda 27 de enero del 2021, el entonces director de Catastro orden\u00f3 a Lucrecia C. S., entonces encargada del archivo de concentraci\u00f3n del Instituto de referencia, que le hiciera llegar los expedientes de n\u00famero 01\/643\/00, el expediente 01\/12078\/09, ambos de Gerardo R. B., esta persona, orden que se cumpli\u00f3.<\/p>\n\n\n\n<p>El 4 de marzo del 2021, Jorge A. Z. M. orden\u00f3 a Mariela Josefina G. V. que solicitara al \u00e1rea de archivo de concentraci\u00f3n del Instituto Catastral, el expediente n\u00famero 01\/430\/2020, propiedad del ciudadano Rogelio S. C., con motivo de esa orden la citada fue al archivo de concentraci\u00f3n, solicit\u00f3 el expediente y se lo entreg\u00f3 a su superior inmediato.<\/p>\n\n\n\n<figure class=\"wp-block-embed is-type-rich is-provider-twitter wp-block-embed-twitter\"><div class=\"wp-block-embed__wrapper\">\n<div class=\"twitter-tweet\"><blockquote class=\"twitter-tweet\" data-lang=\"es\"><p lang=\"es\" dir=\"ltr\"><a href=\"https:\/\/twitter.com\/AEI_Oaxaca?ref_src=twsrc%5Etfw\">@AEI_Oaxaca<\/a> y Fiscal\u00eda Anticorrupci\u00f3n detuvieron a ex director de <a href=\"https:\/\/twitter.com\/Catastro_GobOax?ref_src=twsrc%5Etfw\">@Catastro_GobOax<\/a>, <a href=\"https:\/\/twitter.com\/hashtag\/JorgeZarate?src=hash&amp;ref_src=twsrc%5Etfw\">#JorgeZarate<\/a> por\u00a0<br>ejercicio il\u00edcito de Servicio P\u00fablico y podr\u00eda purgar pena de 2 a 7 a\u00f1os de c\u00e1rcel.<br><br>En minutos juez determinar\u00e1 su situaci\u00f3n jur\u00eddica. <a href=\"https:\/\/t.co\/hSFqmR2zQc\">pic.twitter.com\/hSFqmR2zQc<\/a><\/p>&mdash; Jaime Guerrero (@jaimeguerrero08) <a href=\"https:\/\/twitter.com\/jaimeguerrero08\/status\/1633999964836622337?ref_src=twsrc%5Etfw\">10 de marzo de 2023<\/a><\/blockquote><\/div>\n<\/div><\/figure>\n\n\n\n<p>Posteriormente los cuatro expedientes de m\u00e9rito fueron requeridos al ciudadano Jorge A. Z. M, mediante memor\u00e1ndum n\u00famero\/CEO\/DG\/UA\/365\/2021, de fecha 3 de septiembre del 2021, signado por la ciudadana Josefina G. A., jefa de la unidad administrativa del Instituto Catastral del Estado de Oaxaca, para que fueran devueltos al archivo de concentraci\u00f3n de ese Instituto, pero el entonces director no atendi\u00f3 a dicho requerimiento, ni tampoco inform\u00f3 acerca de la ubicaci\u00f3n de esos cuatro expedientes.<\/p>\n\n\n\n<p>Jorge A. Z. M. concluy\u00f3 su mandato el 16 de marzo del 2022, \u201cteniendo en su poder los documentos sustra\u00eddos, no los devolvi\u00f3, ni orden\u00f3 su devoluci\u00f3n, al d\u00eda de hoy ninguno de los cuatro expedientes sustra\u00eddos han sido devueltos al Instituto Catastral del Estado de Oaxaca.<\/p>\n\n\n\n<p>\u201cCada uno de esos cuatro expedientes contienen informaci\u00f3n y documentaci\u00f3n confidencial, relacionados con bienes inmuebles de cada una de las tres personas a las cuales pertenece, como c\u00e9dula catastral y datos de ubicaci\u00f3n de cada uno de esos bienes inmuebles\u201d.<\/p>\n","protected":false},"excerpt":{"rendered":"<p>Ismael Garc\u00eda M.\/Zona Roja. Oaxaca de Ju\u00e1rez, Oax., a 10 de marzo de 2023.- Al&hellip;<\/p>\n","protected":false},"author":2,"featured_media":52638,"comment_status":"closed","ping_status":"open","sticky":false,"template":"","format":"standard","meta":{"_lmt_disableupdate":"","_lmt_disable":"","_jetpack_memberships_contains_paid_content":false,"footnotes":""},"categories":[109,47],"tags":[1736],"class_list":["post-52637","post","type-post","status-publish","format-standard","has-post-thumbnail","hentry","category-minuto-a-minuto","category-zona-gris","tag-jorge-zarate-medina"],"jetpack_featured_media_url":"https:\/\/zonaroja.com.mx\/wp-content\/uploads\/2023\/03\/Jorge-Armando-Zarate-Medina.webp","jetpack_sharing_enabled":true,"_links":{"self":[{"href":"https:\/\/zonaroja.com.mx\/index.php?rest_route=\/wp\/v2\/posts\/52637","targetHints":{"allow":["GET"]}}],"collection":[{"href":"https:\/\/zonaroja.com.mx\/index.php?rest_route=\/wp\/v2\/posts"}],"about":[{"href":"https:\/\/zonaroja.com.mx\/index.php?rest_route=\/wp\/v2\/types\/post"}],"author":[{"embeddable":true,"href":"https:\/\/zonaroja.com.mx\/index.php?rest_route=\/wp\/v2\/users\/2"}],"replies":[{"embeddable":true,"href":"https:\/\/zonaroja.com.mx\/index.php?rest_route=%2Fwp%2Fv2%2Fcomments&post=52637"}],"version-history":[{"count":1,"href":"https:\/\/zonaroja.com.mx\/index.php?rest_route=\/wp\/v2\/posts\/52637\/revisions"}],"predecessor-version":[{"id":52639,"href":"https:\/\/zonaroja.com.mx\/index.php?rest_route=\/wp\/v2\/posts\/52637\/revisions\/52639"}],"wp:featuredmedia":[{"embeddable":true,"href":"https:\/\/zonaroja.com.mx\/index.php?rest_route=\/wp\/v2\/media\/52638"}],"wp:attachment":[{"href":"https:\/\/zonaroja.com.mx\/index.php?rest_route=%2Fwp%2Fv2%2Fmedia&parent=52637"}],"wp:term":[{"taxonomy":"category","embeddable":true,"href":"https:\/\/zonaroja.com.mx\/index.php?rest_route=%2Fwp%2Fv2%2Fcategories&post=52637"},{"taxonomy":"post_tag","embeddable":true,"href":"https:\/\/zonaroja.com.mx\/index.php?rest_route=%2Fwp%2Fv2%2Ftags&post=52637"}],"curies":[{"name":"wp","href":"https:\/\/api.w.org\/{rel}","templated":true}]}}