{"id":52646,"date":"2023-03-10T18:44:32","date_gmt":"2023-03-11T00:44:32","guid":{"rendered":"http:\/\/www.zonaroja.com.mx\/?p=52646"},"modified":"2023-03-10T18:44:34","modified_gmt":"2023-03-11T00:44:34","slug":"en-fecha-de-informe-de-100-dias-de-jara-un-asesinado-y-un-baleado","status":"publish","type":"post","link":"https:\/\/zonaroja.com.mx\/?p=52646","title":{"rendered":"En fecha de informe de 100 d\u00edas de Jara, un asesinado y un baleado"},"content":{"rendered":"\n<p>Redacci\u00f3n\/Zona Roja.<\/p>\n\n\n\n<p>Oaxaca de Ju\u00e1rez, Oax., a 10 de marzo de 2023.- Mientras el gobernador Salom\u00f3n Jara Cruz celebraba los primeros 100 d\u00edas de su gobierno, en la regi\u00f3n del Istmo de Tehuantepec se registr\u00f3 un ataque armado, con saldo de un herido, y el asesinato de una persona.<\/p>\n\n\n\n<p>Esta tarde, a la hora en que inici\u00f3 el acto oficial en el z\u00f3calo de la capital, en los l\u00edmites de Santa Mar\u00eda Mixtequilla con Santo Domingo Tehuantepec, un individuo fue agredido a balazos por sujetos que huyeron de inmediato.<\/p>\n\n\n\n<p>De manera preliminar se inform\u00f3 que la v\u00edctima se encuentra grave de salud y es atendido en un hospital de Tehuantepec.<\/p>\n\n\n\n<p>Horas antes, por la ma\u00f1ana, en Juchit\u00e1n de Zaragoza un individuo fue ejecutado por disparos de arma de fuego.<\/p>\n\n\n\n<p>El hecho criminal ocurri\u00f3 en la calle Sa\u00fal Mart\u00ednez de la Octava Secci\u00f3n, en que muri\u00f3 abatido el individuo identificado como Lenin L. G., de 30 a\u00f1os de edad, por sujetos desconocidos que lograron huir.<\/p>\n\n\n\n<p>A pesar de que el hecho sucedi\u00f3 en una hora de alta afluencia de personas, no hab\u00eda polic\u00edas municipales en la zona que pudieran detener o perseguir a los probables autores del crimen.<\/p>\n","protected":false},"excerpt":{"rendered":"<p>Redacci\u00f3n\/Zona Roja. Oaxaca de Ju\u00e1rez, Oax., a 10 de marzo de 2023.- Mientras el gobernador&hellip;<\/p>\n","protected":false},"author":2,"featured_media":52647,"comment_status":"closed","ping_status":"open","sticky":false,"template":"","format":"standard","meta":{"_lmt_disableupdate":"","_lmt_disable":"","_jetpack_memberships_contains_paid_content":false,"footnotes":""},"categories":[109,51],"tags":[123],"class_list":["post-52646","post","type-post","status-publish","format-standard","has-post-thumbnail","hentry","category-minuto-a-minuto","category-zona-roja","tag-juchitan-de-zaragoza"],"jetpack_featured_media_url":"https:\/\/zonaroja.com.mx\/wp-content\/uploads\/2023\/03\/Asesinado-Juchitan-de-Zaragoza.jpeg","jetpack_sharing_enabled":true,"_links":{"self":[{"href":"https:\/\/zonaroja.com.mx\/index.php?rest_route=\/wp\/v2\/posts\/52646","targetHints":{"allow":["GET"]}}],"collection":[{"href":"https:\/\/zonaroja.com.mx\/index.php?rest_route=\/wp\/v2\/posts"}],"about":[{"href":"https:\/\/zonaroja.com.mx\/index.php?rest_route=\/wp\/v2\/types\/post"}],"author":[{"embeddable":true,"href":"https:\/\/zonaroja.com.mx\/index.php?rest_route=\/wp\/v2\/users\/2"}],"replies":[{"embeddable":true,"href":"https:\/\/zonaroja.com.mx\/index.php?rest_route=%2Fwp%2Fv2%2Fcomments&post=52646"}],"version-history":[{"count":1,"href":"https:\/\/zonaroja.com.mx\/index.php?rest_route=\/wp\/v2\/posts\/52646\/revisions"}],"predecessor-version":[{"id":52648,"href":"https:\/\/zonaroja.com.mx\/index.php?rest_route=\/wp\/v2\/posts\/52646\/revisions\/52648"}],"wp:featuredmedia":[{"embeddable":true,"href":"https:\/\/zonaroja.com.mx\/index.php?rest_route=\/wp\/v2\/media\/52647"}],"wp:attachment":[{"href":"https:\/\/zonaroja.com.mx\/index.php?rest_route=%2Fwp%2Fv2%2Fmedia&parent=52646"}],"wp:term":[{"taxonomy":"category","embeddable":true,"href":"https:\/\/zonaroja.com.mx\/index.php?rest_route=%2Fwp%2Fv2%2Fcategories&post=52646"},{"taxonomy":"post_tag","embeddable":true,"href":"https:\/\/zonaroja.com.mx\/index.php?rest_route=%2Fwp%2Fv2%2Ftags&post=52646"}],"curies":[{"name":"wp","href":"https:\/\/api.w.org\/{rel}","templated":true}]}}