{"id":52649,"date":"2023-03-10T19:57:31","date_gmt":"2023-03-11T01:57:31","guid":{"rendered":"http:\/\/www.zonaroja.com.mx\/?p=52649"},"modified":"2023-03-10T19:57:34","modified_gmt":"2023-03-11T01:57:34","slug":"festejo-de-100-dias-de-jara-entre-bloqueos-acarreados-y-violencia","status":"publish","type":"post","link":"https:\/\/zonaroja.com.mx\/?p=52649","title":{"rendered":"\u201cFestejo\u201d de 100 d\u00edas de Jara, entre bloqueos, acarreados y violencia"},"content":{"rendered":"\n<p>Ismael Garc\u00eda M.\/Zona Roja.<\/p>\n\n\n\n<p>Oaxaca de Ju\u00e1rez, Oax., a 10 de marzo de 2023.- La fecha para conmemorar los 100 d\u00edas de gobierno de Salom\u00f3n Jara Cruz fue un fiel reflejo de ese lapso: feminicidios, bloqueos viales, violencia y asesinatos.<\/p>\n\n\n\n<p>Desde las ocho de la ma\u00f1ana inici\u00f3 la jornada de manifestaciones, cuando integrantes de la Coordinaci\u00f3n Estudiantil del Estado de Oaxaca (CENEO) se apoderaron de al menos seis autobuses del transporte de pasajeros y se los llevaron a la Escuela Normal de Educaci\u00f3n Preescolar, en Santa Cruz Xoxocotl\u00e1n.<\/p>\n\n\n\n<p>De ah\u00ed partieron con camiones llenos para bloquear la calzada Porfirio D\u00edaz en los cruces con calzada Porfirio D\u00edaz y Neyzahualc\u00f3yotl, bloqueo que ha durado todo el d\u00eda e incluso oblig\u00f3 a la marcha de apoyo al mandatario estatal a tomar otras rutas.<\/p>\n\n\n\n<figure class=\"wp-block-embed is-type-rich is-provider-twitter wp-block-embed-twitter\"><div class=\"wp-block-embed__wrapper\">\n<div class=\"twitter-tweet\"><blockquote class=\"twitter-tweet\" data-lang=\"es\"><p lang=\"es\" dir=\"ltr\"><a href=\"https:\/\/twitter.com\/hashtag\/%C3%9AltimoMinuto?src=hash&amp;ref_src=twsrc%5Etfw\">#\u00daltimoMinuto<\/a><br>Los normalistas que \u201ctomaron\u201dcamiones, ya bloquean con ellos dos cruces de la calzada H\u00e9roes de Chapultepec de la capital oaxaque\u00f1a, que son la avenida Ju\u00e1rez y Pino Su\u00e1rez.<br>De no haber soluci\u00f3n inmediata del <a href=\"https:\/\/twitter.com\/IEEPOGobOax?ref_src=twsrc%5Etfw\">@IEEPOGobOax<\/a>, prev\u00e9n intensificar las protestas. <a href=\"https:\/\/t.co\/e5aZxMGo4y\">pic.twitter.com\/e5aZxMGo4y<\/a><\/p>&mdash; Zona Roja Oaxaca (@ZonaRoja_Oaxaca) <a href=\"https:\/\/twitter.com\/ZonaRoja_Oaxaca\/status\/1634189787056701442?ref_src=twsrc%5Etfw\">10 de marzo de 2023<\/a><\/blockquote><\/div>\n<\/div><\/figure>\n\n\n\n<p>Mientras tanto, en la zona norte del regi\u00f3n del Istmo de Tehuantepec, hoy se cumplieron 12 d\u00edas de bloqueo a la v\u00eda del ferrocarril, del proyecto del Corredor Interoce\u00e1nico, por parte de pobladores de San Juan Guichicovi, para exigir indemnizaci\u00f3n justa de sus tierras.<\/p>\n\n\n\n<p>En la capital y zona conurbada, se registraron protestas contra acosadores y violentadores de estudiantes, en los planteles del Colegio de Bachilleres de Oaxaca sede Pueblo Nuevo; en el Centro de Estudios de Bachillerato Tecnol\u00f3gico 123, de Santa Luc\u00eda del Camino, y en la Universidad La Salle, en Santa Cruz Xoxocotl\u00e1n.<\/p>\n\n\n\n<p>Mientras tanto, por la ma\u00f1ana en Juchit\u00e1n de Zaragoza un individuo fue asesinado a balazos, en la Octava Secci\u00f3n, y el cuerpo fue retirado por los familiares en una carretilla.<\/p>\n\n\n\n<figure class=\"wp-block-embed is-type-rich is-provider-twitter wp-block-embed-twitter\"><div class=\"wp-block-embed__wrapper\">\n<div class=\"twitter-tweet\"><blockquote class=\"twitter-tweet\" data-lang=\"es\"><p lang=\"es\" dir=\"ltr\"><a href=\"https:\/\/twitter.com\/hashtag\/%C3%9AltimoMinuto?src=hash&amp;ref_src=twsrc%5Etfw\">#\u00daltimoMinuto<\/a><br>En la celebraci\u00f3n de los 100 d\u00edas de gobierno de <a href=\"https:\/\/twitter.com\/salomonj?ref_src=twsrc%5Etfw\">@salomonj<\/a> tambi\u00e9n hay asesinatos. <br>Esta ma\u00f1ana una persona del sexo masculino fue ejecutada en la ciudad de Juchit\u00e1n de Zaragoza. <a href=\"https:\/\/t.co\/6tukRhoixi\">pic.twitter.com\/6tukRhoixi<\/a><\/p>&mdash; Zona Roja Oaxaca (@ZonaRoja_Oaxaca) <a href=\"https:\/\/twitter.com\/ZonaRoja_Oaxaca\/status\/1634265308281339904?ref_src=twsrc%5Etfw\">10 de marzo de 2023<\/a><\/blockquote><\/div>\n<\/div><\/figure>\n\n\n\n<p>Por la tarde en los l\u00edmites de Santo Domingo Tehuantepec con Santa Mar\u00eda Mixtequilla, se registr\u00f3 un ataque armado con saldo de una persona lesionada.<\/p>\n\n\n\n<p>Pero ello no obst\u00f3 para que el gobierno de Oaxaca festejara los 100 d\u00edas de gobierno, con personas acarreadas de diversas regiones del estado, concentradas en su mayor\u00eda en la fuente de las Ocho Regiones.<\/p>\n\n\n\n<p>Entre ellos, transportistas de la violenta Confederaci\u00f3n Joven, as\u00ed como de la CTM, adem\u00e1s de trabajadores de confianza de la administraci\u00f3n estatal, que fueron obligados a acudir a la movilizaci\u00f3n, cuya ruta se desvi\u00f3 ante el bloqueo a la calzada H\u00e9roes de Chapultepec con Porfirio D\u00edaz.<\/p>\n\n\n\n<p>En tanto, alrededor de las 17:00 horas, el mandatario estatal Jara Cruz y el secretario de Gobernaci\u00f3n, Ad\u00e1n Augusto L\u00f3pez, partieron del Palacio de Gobierno para sumarse a la marcha en el Centro Hist\u00f3rico.<\/p>\n\n\n\n<p>La caminata, en medio de un z\u00f3calo y cuadras aleda\u00f1as llenas de vallas, para cuidar que no llegaran manifestantes.<\/p>\n\n\n\n<p>A las seis de la tarde inici\u00f3 el mensaje del mandatario, que culmin\u00f3 una hora despu\u00e9s, pero desde antes los convocados a la marcha comenzaron a dispersarse.<\/p>\n\n\n\n<figure class=\"wp-block-embed is-type-rich is-provider-twitter wp-block-embed-twitter\"><div class=\"wp-block-embed__wrapper\">\n<div class=\"twitter-tweet\"><blockquote class=\"twitter-tweet\" data-lang=\"es\"><p lang=\"es\" dir=\"ltr\"><a href=\"https:\/\/twitter.com\/hashtag\/%C3%9AltimoMinuto?src=hash&amp;ref_src=twsrc%5Etfw\">#\u00daltimoMinuto<\/a><br>Decenas de camiones comienzan a llegar al centro de la ciudad de <a href=\"https:\/\/twitter.com\/hashtag\/Oaxaca?src=hash&amp;ref_src=twsrc%5Etfw\">#Oaxaca<\/a>, con gente tra\u00edda de diversas comunidades, para el informe de 100 d\u00edas del gobernador <a href=\"https:\/\/twitter.com\/salomonj?ref_src=twsrc%5Etfw\">@salomonj<\/a> en el z\u00f3calo de la capital. <a href=\"https:\/\/t.co\/4obV3kMZvD\">pic.twitter.com\/4obV3kMZvD<\/a><\/p>&mdash; Zona Roja Oaxaca (@ZonaRoja_Oaxaca) <a href=\"https:\/\/twitter.com\/ZonaRoja_Oaxaca\/status\/1634302963010220037?ref_src=twsrc%5Etfw\">10 de marzo de 2023<\/a><\/blockquote><\/div>\n<\/div><\/figure>\n","protected":false},"excerpt":{"rendered":"<p>Ismael Garc\u00eda M.\/Zona Roja. Oaxaca de Ju\u00e1rez, Oax., a 10 de marzo de 2023.- La&hellip;<\/p>\n","protected":false},"author":2,"featured_media":52650,"comment_status":"closed","ping_status":"open","sticky":false,"template":"","format":"standard","meta":{"_lmt_disableupdate":"","_lmt_disable":"","_jetpack_memberships_contains_paid_content":false,"footnotes":""},"categories":[109,47],"tags":[2264],"class_list":["post-52649","post","type-post","status-publish","format-standard","has-post-thumbnail","hentry","category-minuto-a-minuto","category-zona-gris","tag-bloqueos-y-protestas-oaxaca"],"jetpack_featured_media_url":"https:\/\/zonaroja.com.mx\/wp-content\/uploads\/2023\/03\/Bloqueo-normalistas-ciudad-de-Oaxaca.jpg","jetpack_sharing_enabled":true,"_links":{"self":[{"href":"https:\/\/zonaroja.com.mx\/index.php?rest_route=\/wp\/v2\/posts\/52649","targetHints":{"allow":["GET"]}}],"collection":[{"href":"https:\/\/zonaroja.com.mx\/index.php?rest_route=\/wp\/v2\/posts"}],"about":[{"href":"https:\/\/zonaroja.com.mx\/index.php?rest_route=\/wp\/v2\/types\/post"}],"author":[{"embeddable":true,"href":"https:\/\/zonaroja.com.mx\/index.php?rest_route=\/wp\/v2\/users\/2"}],"replies":[{"embeddable":true,"href":"https:\/\/zonaroja.com.mx\/index.php?rest_route=%2Fwp%2Fv2%2Fcomments&post=52649"}],"version-history":[{"count":1,"href":"https:\/\/zonaroja.com.mx\/index.php?rest_route=\/wp\/v2\/posts\/52649\/revisions"}],"predecessor-version":[{"id":52651,"href":"https:\/\/zonaroja.com.mx\/index.php?rest_route=\/wp\/v2\/posts\/52649\/revisions\/52651"}],"wp:featuredmedia":[{"embeddable":true,"href":"https:\/\/zonaroja.com.mx\/index.php?rest_route=\/wp\/v2\/media\/52650"}],"wp:attachment":[{"href":"https:\/\/zonaroja.com.mx\/index.php?rest_route=%2Fwp%2Fv2%2Fmedia&parent=52649"}],"wp:term":[{"taxonomy":"category","embeddable":true,"href":"https:\/\/zonaroja.com.mx\/index.php?rest_route=%2Fwp%2Fv2%2Fcategories&post=52649"},{"taxonomy":"post_tag","embeddable":true,"href":"https:\/\/zonaroja.com.mx\/index.php?rest_route=%2Fwp%2Fv2%2Ftags&post=52649"}],"curies":[{"name":"wp","href":"https:\/\/api.w.org\/{rel}","templated":true}]}}