{"id":52652,"date":"2023-03-10T20:12:42","date_gmt":"2023-03-11T02:12:42","guid":{"rendered":"http:\/\/www.zonaroja.com.mx\/?p=52652"},"modified":"2023-03-10T20:12:45","modified_gmt":"2023-03-11T02:12:45","slug":"otra-vez-el-congreso-le-llama-la-atencion-a-neri-ahora-por-megarrobo-de-vehiculos","status":"publish","type":"post","link":"https:\/\/zonaroja.com.mx\/?p=52652","title":{"rendered":"\u00a1Otra vez el Congreso le llama la atenci\u00f3n a Neri! Ahora por megarrobo de veh\u00edculos"},"content":{"rendered":"\n<p>Yuridiana Sosa\/Zona Roja.<\/p>\n\n\n\n<p>Oaxaca de Ju\u00e1rez, Oax., a 10 de marzo de 2023.- Investigaciones urgentes y sanciones eficaces contra los funcionarios que resulten responsables exigi\u00f3 la 65 Legislatura de Oaxaca sobre el caso del megarrobo de m\u00e1s de 700 unidades y material del encierro municipal \u201cPrimavera\u201d, propiedad del ayuntamiento de Oaxaca de Ju\u00e1rez.<\/p>\n\n\n\n<p>A trav\u00e9s de un Punto de Acuerdo, el Congreso de Oaxaca exhort\u00f3 a los titulares de la Fiscal\u00eda General del Estado y del \u00d3rgano Interno de Control municipal de Oaxaca de Ju\u00e1rez \u201crealicen de forma urgente las investigaciones y procedimientos correspondientes las denuncias presentadas en contra de las y los servidores p\u00fablicos municipales y de quienes resulten\u201d.<\/p>\n\n\n\n<p>La propuesta del grupo parlamentario de Morena fue aprobada con 31 votos, en que tambi\u00e9n llaman a que se impongan las sanciones penales y administrativas sin distinci\u00f3n alguna y que, de forma directa, el presidente municipal de Oaxaca de Ju\u00e1rez, Francisco Mart\u00ednez Neri, informe a la ciudadan\u00eda si al d\u00eda de hoy ya existe alguna sanci\u00f3n administrativa y penal en contra de los responsables.<\/p>\n\n\n\n<p>El robo de 426 veh\u00edculos, 350 motocicletas, 35 bicicletas, fierro viejo y hasta sem\u00e1foros en buen estado para su venta se llev\u00f3 a cabo entre los meses de marzo y junio de 2022, pero fue hasta el mes de octubre en que, supuestamente, el ayuntamiento se percat\u00f3 del hecho.<\/p>\n\n\n\n<p>Sin embargo, fue hasta inicios de este marzo que el hecho fue evidenciado por los medios de comunicaci\u00f3n y hasta entonces conocido por el resto del cabildo municipal.<\/p>\n\n\n\n<p>Durante la exposici\u00f3n del posicionamiento, la fracci\u00f3n de Morena se\u00f1al\u00f3 que la rendici\u00f3n de cuentas se encuentra directamente relacionada con el derecho a la buena administraci\u00f3n p\u00fablica que implica la observancia de principios como son de legalidad, honradez, lealtad, profesionalismo, integridad, rendici\u00f3n de cuentas, eficacia y eficiencia, plasmados en la leyes federales y estatales.<\/p>\n\n\n\n<p>Sobre los funcionarios cesados tras la revelaci\u00f3n de los hechos, la diputada Hayde\u00e9 Reyes en representaci\u00f3n del partido Morena, agreg\u00f3: \u201cHacemos el llamado para que, de comprobarse otras responsabilidades y complicidades tambi\u00e9n sean castigados, ya que todos esos funcionarios ten\u00edan jefes directos\u201d.<\/p>\n\n\n\n<p>POSTURA OFICIAL<\/p>\n\n\n\n<p>Por otra parte, el presidente de Oaxaca de Ju\u00e1rez calific\u00f3 este jueves como \u201cbochornoso\u201d el robo efectuado por funcionarios al encierro municipal, pues da cuenta que conductas de deshonra, las cuales se deben de combatir.<\/p>\n\n\n\n<p>Sobre el exhorto del Congreso de Oaxaca, a las acciones del ayuntamiento para que no haya impunidad en el caso, lo aval\u00f3 y agreg\u00f3 que buscar\u00e1 al fiscal de Oaxaca, Bernardo Rodr\u00edguez Alamilla, para pedirle que agilice el tr\u00e1mite de las investigaciones.<\/p>\n","protected":false},"excerpt":{"rendered":"<p>Yuridiana Sosa\/Zona Roja. Oaxaca de Ju\u00e1rez, Oax., a 10 de marzo de 2023.- Investigaciones urgentes&hellip;<\/p>\n","protected":false},"author":2,"featured_media":49300,"comment_status":"closed","ping_status":"open","sticky":false,"template":"","format":"standard","meta":{"_lmt_disableupdate":"","_lmt_disable":"","_jetpack_memberships_contains_paid_content":false,"footnotes":""},"categories":[109,47],"tags":[2418],"class_list":["post-52652","post","type-post","status-publish","format-standard","has-post-thumbnail","hentry","category-minuto-a-minuto","category-zona-gris","tag-francisco-martinez-neri"],"jetpack_featured_media_url":"https:\/\/zonaroja.com.mx\/wp-content\/uploads\/2022\/12\/Sesion-Congreso-Oaxaca.jpeg","jetpack_sharing_enabled":true,"_links":{"self":[{"href":"https:\/\/zonaroja.com.mx\/index.php?rest_route=\/wp\/v2\/posts\/52652","targetHints":{"allow":["GET"]}}],"collection":[{"href":"https:\/\/zonaroja.com.mx\/index.php?rest_route=\/wp\/v2\/posts"}],"about":[{"href":"https:\/\/zonaroja.com.mx\/index.php?rest_route=\/wp\/v2\/types\/post"}],"author":[{"embeddable":true,"href":"https:\/\/zonaroja.com.mx\/index.php?rest_route=\/wp\/v2\/users\/2"}],"replies":[{"embeddable":true,"href":"https:\/\/zonaroja.com.mx\/index.php?rest_route=%2Fwp%2Fv2%2Fcomments&post=52652"}],"version-history":[{"count":1,"href":"https:\/\/zonaroja.com.mx\/index.php?rest_route=\/wp\/v2\/posts\/52652\/revisions"}],"predecessor-version":[{"id":52653,"href":"https:\/\/zonaroja.com.mx\/index.php?rest_route=\/wp\/v2\/posts\/52652\/revisions\/52653"}],"wp:featuredmedia":[{"embeddable":true,"href":"https:\/\/zonaroja.com.mx\/index.php?rest_route=\/wp\/v2\/media\/49300"}],"wp:attachment":[{"href":"https:\/\/zonaroja.com.mx\/index.php?rest_route=%2Fwp%2Fv2%2Fmedia&parent=52652"}],"wp:term":[{"taxonomy":"category","embeddable":true,"href":"https:\/\/zonaroja.com.mx\/index.php?rest_route=%2Fwp%2Fv2%2Fcategories&post=52652"},{"taxonomy":"post_tag","embeddable":true,"href":"https:\/\/zonaroja.com.mx\/index.php?rest_route=%2Fwp%2Fv2%2Ftags&post=52652"}],"curies":[{"name":"wp","href":"https:\/\/api.w.org\/{rel}","templated":true}]}}