{"id":52655,"date":"2023-03-10T21:52:48","date_gmt":"2023-03-11T03:52:48","guid":{"rendered":"http:\/\/www.zonaroja.com.mx\/?p=52655"},"modified":"2023-03-10T21:52:50","modified_gmt":"2023-03-11T03:52:50","slug":"convoca-diputada-a-universitarios-a-generar-cambio-en-la-agenda-de-las-mujeres","status":"publish","type":"post","link":"https:\/\/zonaroja.com.mx\/?p=52655","title":{"rendered":"Convoca diputada a universitarios a generar cambio en la agenda de las mujeres"},"content":{"rendered":"\n<p>Redacci\u00f3n\/Zona Roja.<\/p>\n\n\n\n<p>Oaxaca de Ju\u00e1rez, Oax. 10 de marzo de 2023.-&nbsp;J\u00f3venes estudiantes de las universidades \u201cBenito Ju\u00e1rez\u201d de Oaxaca, Regional del Sureste, Benem\u00e9rita Universidad de Oaxaca, \u201cJos\u00e9 Vasconcelos\u201d, Tecnol\u00f3gica de los Valles Centrales y Sierra Sur de Oaxaca, as\u00ed como An\u00e1huac, participaron en el Parlamento Juvenil denominado \u201cLa Agenda de las Mujeres desde la Visi\u00f3n de las Juventudes\u201d, impulsado por la diputada local Mariana Ben\u00edtez Tiburcio, presidenta de la Comisi\u00f3n Permanente de Mujeres e Igualdad de G\u00e9nero.<\/p>\n\n\n\n<p>\u201cEste espacio es de deliberaci\u00f3n donde quiero invitarlos e invitarlas a que construyan una agenda posible para las mujeres en nuestro estado y en nuestro pa\u00eds, a que se motiven, que generemos empat\u00eda y sepamos hacer el cambio que necesitamos en Oaxaca y en nuestro pa\u00eds. Los invito a no dejar de seguir so\u00f1ando con un Oaxaca mejor, un Oaxaca posible\u201d, asent\u00f3 la legisladora.<\/p>\n\n\n\n<p>La congresista sostuvo que es indispensable sumar a las juventudes como generadoras de cambio en la agenda de las mujeres, desde los diferentes espacios en los que se desenvuelven con el objetivo de consolidar un mejor futuro para las pr\u00f3ximas generaciones.&nbsp;<\/p>\n\n\n\n<p>En este marco, a trav\u00e9s de una conferencia magistral el doctor Ricardo Ruiz Carbonell, especialista en g\u00e9nero, comparti\u00f3 informaci\u00f3n importante en materia de igualdad entre hombres y mujeres, as\u00ed como los retos que las mujeres enfrentan para lograrla.&nbsp;<\/p>\n\n\n\n<p>Entre los temas que se abordaron se encuentran los derechos de las mujeres j\u00f3venes, violencia de g\u00e9nero, escolar y en el noviazgo, salud mental y reproductiva, adicciones y enfermedades que afectan a las j\u00f3venes, participaci\u00f3n de mujeres j\u00f3venes en toma de decisiones, mujeres j\u00f3venes ind\u00edgenas y afromexicanas y acceso a la educaci\u00f3n y oportunidades.<\/p>\n\n\n\n<p>Durante la inauguraci\u00f3n del parlamento, estuvieron presentes la diputada local, Nancy Ben\u00edtez Z\u00e1rate, el Fiscal General del Estado, Bernardo Rodr\u00edguez Alamilla, el magistrado Manuel Velasco Alc\u00e1ntara, presidente del Tribunal de Justicia Administrativa, los maestros Miguel \u00c1ngel Hern\u00e1ndez Mendoza y David Zabdiel Mart\u00ednez P\u00e9rez rectores de las universidades URSE y BUO, as\u00ed como las maestras K\u00e9lmic Hern\u00e1ndez Arreortua, rectora de la Universidad Jos\u00e9 Vasconcelos y Jazm\u00edn Sumano Celaya, rectora de la Universidad Tecnol\u00f3gica de la Sierra Sur.<\/p>\n\n\n\n<figure class=\"wp-block-embed is-type-rich is-provider-twitter wp-block-embed-twitter\"><div class=\"wp-block-embed__wrapper\">\n<div class=\"twitter-tweet\"><blockquote class=\"twitter-tweet\" data-lang=\"es\"><p lang=\"es\" dir=\"ltr\">Este jueves, en la sede del <a href=\"https:\/\/twitter.com\/CongresoOaxaca_?ref_src=twsrc%5Etfw\">@CongresoOaxaca_<\/a> se efectu\u00f3 el primer Parlamento Universitario, tras la iniciativa de la diputada <a href=\"https:\/\/twitter.com\/marianabenitezt?ref_src=twsrc%5Etfw\">@marianabenitezt<\/a>.<br>En tribuna, la legisladora celebr\u00f3 que en las y los j\u00f3venes haya cada vez m\u00e1s conciencia para denunciar la violencia y el acoso. <a href=\"https:\/\/t.co\/pQr99w6if1\">pic.twitter.com\/pQr99w6if1<\/a><\/p>&mdash; Zona Roja Oaxaca (@ZonaRoja_Oaxaca) <a href=\"https:\/\/twitter.com\/ZonaRoja_Oaxaca\/status\/1634019259109060608?ref_src=twsrc%5Etfw\">10 de marzo de 2023<\/a><\/blockquote><\/div>\n<\/div><\/figure>\n","protected":false},"excerpt":{"rendered":"<p>Redacci\u00f3n\/Zona Roja. Oaxaca de Ju\u00e1rez, Oax. 10 de marzo de 2023.-&nbsp;J\u00f3venes estudiantes de las universidades&hellip;<\/p>\n","protected":false},"author":2,"featured_media":52656,"comment_status":"closed","ping_status":"open","sticky":false,"template":"","format":"standard","meta":{"_lmt_disableupdate":"","_lmt_disable":"","_jetpack_memberships_contains_paid_content":false,"footnotes":""},"categories":[109,47],"tags":[2969],"class_list":["post-52655","post","type-post","status-publish","format-standard","has-post-thumbnail","hentry","category-minuto-a-minuto","category-zona-gris","tag-mariana-benitez-tiburcio"],"jetpack_featured_media_url":"https:\/\/zonaroja.com.mx\/wp-content\/uploads\/2023\/03\/Mariana-Benitez-Congreso-parlamento-juvenil.jpeg","jetpack_sharing_enabled":true,"_links":{"self":[{"href":"https:\/\/zonaroja.com.mx\/index.php?rest_route=\/wp\/v2\/posts\/52655","targetHints":{"allow":["GET"]}}],"collection":[{"href":"https:\/\/zonaroja.com.mx\/index.php?rest_route=\/wp\/v2\/posts"}],"about":[{"href":"https:\/\/zonaroja.com.mx\/index.php?rest_route=\/wp\/v2\/types\/post"}],"author":[{"embeddable":true,"href":"https:\/\/zonaroja.com.mx\/index.php?rest_route=\/wp\/v2\/users\/2"}],"replies":[{"embeddable":true,"href":"https:\/\/zonaroja.com.mx\/index.php?rest_route=%2Fwp%2Fv2%2Fcomments&post=52655"}],"version-history":[{"count":1,"href":"https:\/\/zonaroja.com.mx\/index.php?rest_route=\/wp\/v2\/posts\/52655\/revisions"}],"predecessor-version":[{"id":52657,"href":"https:\/\/zonaroja.com.mx\/index.php?rest_route=\/wp\/v2\/posts\/52655\/revisions\/52657"}],"wp:featuredmedia":[{"embeddable":true,"href":"https:\/\/zonaroja.com.mx\/index.php?rest_route=\/wp\/v2\/media\/52656"}],"wp:attachment":[{"href":"https:\/\/zonaroja.com.mx\/index.php?rest_route=%2Fwp%2Fv2%2Fmedia&parent=52655"}],"wp:term":[{"taxonomy":"category","embeddable":true,"href":"https:\/\/zonaroja.com.mx\/index.php?rest_route=%2Fwp%2Fv2%2Fcategories&post=52655"},{"taxonomy":"post_tag","embeddable":true,"href":"https:\/\/zonaroja.com.mx\/index.php?rest_route=%2Fwp%2Fv2%2Ftags&post=52655"}],"curies":[{"name":"wp","href":"https:\/\/api.w.org\/{rel}","templated":true}]}}