{"id":52658,"date":"2023-03-10T22:04:34","date_gmt":"2023-03-11T04:04:34","guid":{"rendered":"http:\/\/www.zonaroja.com.mx\/?p=52658"},"modified":"2023-03-10T22:04:42","modified_gmt":"2023-03-11T04:04:42","slug":"organizacion-fuco-reconoce-y-respalda-gobierno-de-salomon-jara","status":"publish","type":"post","link":"https:\/\/zonaroja.com.mx\/?p=52658","title":{"rendered":"Organizaci\u00f3n FUCO reconoce y respalda gobierno de Salom\u00f3n Jara"},"content":{"rendered":"\n<p>Redacci\u00f3n\/Zona Roja.<\/p>\n\n\n\n<p>Oaxaca de Ju\u00e1rez, Oax., a 10 de marzo de 2023.- M\u00e1s de 11 mil militantes del Frente Unido de Comunidades Oaxaque\u00f1as, (FUCO) marcharon en esta ciudad para respaldar los 100 d\u00edas de gobierno de la administraci\u00f3n de Salom\u00f3n Jara Cruz, quienes tambi\u00e9n expresaron su total apoyo a las acciones por la transformaci\u00f3n de Oaxaca.<\/p>\n\n\n\n<p>La multitudinaria marcha, que parti\u00f3 de la fuente de las Ocho Regiones, fue encabezada por el presidente de FUCO, Gheraldy Orozco Mart\u00ednez, la se\u00f1ora Silvia Santos P\u00e9rez y el referente de la organizaci\u00f3n, Pedro Bladimir, quienes arropados por los militantes y simpatizantes, recorrieron las principales calles de la Verde Antequera hasta llegar al z\u00f3calo.<\/p>\n\n\n\n<p>Las muestras de apoyo se hicieron notar, portando banderas, cartulinas y lonas, as\u00ed como expresiones de entusiasmo, al Gobernador del Estado Salom\u00f3n Jara Cruz, por los resultados a 100 d\u00edas de la administraci\u00f3n estatal.<\/p>\n\n\n\n<p>Al respecto, el presidente de Fuco, Gheraldy Orozco Mart\u00ednez, destac\u00f3 que como nunca antes Oaxaca, escribe una nueva historia con la transformaci\u00f3n, toda vez que a escasos 100 d\u00edas de gobierno, los resultados son contundentes y palpables.<\/p>\n\n\n\n<p>El joven dirigente expuso que la \u201cPrimavera oaxaque\u00f1a\u201d, es la mejor oportunidad que tiene Oaxaca y todo el pa\u00eds para alcanzar el desarrollo, ya que se enfoca en los que menos tienen, resuelve necesidades de los pueblos y comunidades olvidadas y tambi\u00e9n proyecta y trabaja por un mejor futuro para el pueblo de Oaxaca.<\/p>\n\n\n\n<p>Geraldhy Orozco tambi\u00e9n se\u00f1al\u00f3 que la \u201cPrimavera oaxaque\u00f1a\u201d, es resultado del compromiso del mandatario estatal con el pueblo de Oaxaca.<\/p>\n","protected":false},"excerpt":{"rendered":"<p>Redacci\u00f3n\/Zona Roja. Oaxaca de Ju\u00e1rez, Oax., a 10 de marzo de 2023.- M\u00e1s de 11&hellip;<\/p>\n","protected":false},"author":2,"featured_media":52659,"comment_status":"closed","ping_status":"open","sticky":false,"template":"","format":"standard","meta":{"_lmt_disableupdate":"","_lmt_disable":"","_jetpack_memberships_contains_paid_content":false,"footnotes":""},"categories":[109,46],"tags":[3457],"class_list":["post-52658","post","type-post","status-publish","format-standard","has-post-thumbnail","hentry","category-minuto-a-minuto","category-zona-blanca","tag-frente-unido-de-comunidades-oaxaquenas-fuco"],"jetpack_featured_media_url":"https:\/\/zonaroja.com.mx\/wp-content\/uploads\/2023\/03\/FUCO-respalda-a-gobernador-Salomon.jpg","jetpack_sharing_enabled":true,"_links":{"self":[{"href":"https:\/\/zonaroja.com.mx\/index.php?rest_route=\/wp\/v2\/posts\/52658","targetHints":{"allow":["GET"]}}],"collection":[{"href":"https:\/\/zonaroja.com.mx\/index.php?rest_route=\/wp\/v2\/posts"}],"about":[{"href":"https:\/\/zonaroja.com.mx\/index.php?rest_route=\/wp\/v2\/types\/post"}],"author":[{"embeddable":true,"href":"https:\/\/zonaroja.com.mx\/index.php?rest_route=\/wp\/v2\/users\/2"}],"replies":[{"embeddable":true,"href":"https:\/\/zonaroja.com.mx\/index.php?rest_route=%2Fwp%2Fv2%2Fcomments&post=52658"}],"version-history":[{"count":1,"href":"https:\/\/zonaroja.com.mx\/index.php?rest_route=\/wp\/v2\/posts\/52658\/revisions"}],"predecessor-version":[{"id":52660,"href":"https:\/\/zonaroja.com.mx\/index.php?rest_route=\/wp\/v2\/posts\/52658\/revisions\/52660"}],"wp:featuredmedia":[{"embeddable":true,"href":"https:\/\/zonaroja.com.mx\/index.php?rest_route=\/wp\/v2\/media\/52659"}],"wp:attachment":[{"href":"https:\/\/zonaroja.com.mx\/index.php?rest_route=%2Fwp%2Fv2%2Fmedia&parent=52658"}],"wp:term":[{"taxonomy":"category","embeddable":true,"href":"https:\/\/zonaroja.com.mx\/index.php?rest_route=%2Fwp%2Fv2%2Fcategories&post=52658"},{"taxonomy":"post_tag","embeddable":true,"href":"https:\/\/zonaroja.com.mx\/index.php?rest_route=%2Fwp%2Fv2%2Ftags&post=52658"}],"curies":[{"name":"wp","href":"https:\/\/api.w.org\/{rel}","templated":true}]}}