{"id":52666,"date":"2023-03-11T10:46:00","date_gmt":"2023-03-11T16:46:00","guid":{"rendered":"http:\/\/www.zonaroja.com.mx\/?p=52666"},"modified":"2023-03-11T06:50:19","modified_gmt":"2023-03-11T12:50:19","slug":"reves-al-plan-b-de-la-4t-ordenan-restitucion-de-funcionario-del-ine","status":"publish","type":"post","link":"https:\/\/zonaroja.com.mx\/?p=52666","title":{"rendered":"Rev\u00e9s al \u201cPlan B\u201d de la 4T: ordenan restituci\u00f3n de funcionario del INE"},"content":{"rendered":"\n<p>Redacci\u00f3n\/Zona Roja Cdmx.<\/p>\n\n\n\n<p>Ciudad de M\u00e9xico, a 11 de marzo de 2023.- Una jueza concedi\u00f3 una suspensi\u00f3n definitiva a Edmundo Jacobo&nbsp;y orden\u00f3 su restituci\u00f3n como secretario ejecutivo del Instituto Nacional Electoral (INE).<\/p>\n\n\n\n<p>El Juzgado D\u00e9cimo Segundo de Distrito en Materia Administrativa otorg\u00f3 la medida contra el ar\u00adt\u00edculo 17 transitorio del decreto de reformas del llamado \u2018Plan B\u2019 electoral.<\/p>\n\n\n\n<p>La jueza Blanca Lobo Dom\u00ednguez argument\u00f3 que en este caso es el INE el que tiene la facultad de nombrar y remover a su secretario ejecutivo, y no as\u00ed el Congreso o el Poder Ejecutivo.<\/p>\n\n\n\n<p>El gobierno mexicano podr\u00eda apelar el fallo de primera instancia para que el caso se turne a un tribunal colegiado.<\/p>\n\n\n\n<p>Este fallo se suma a la suspensi\u00f3n provisional que obtuvo Jacobo Molina el pasado jueves del Noveno Tribunal Colegiado en Materia Administrativa, que tambi\u00e9n orden\u00f3 que se le restituya su cargo como secretario ejecutivo.<\/p>\n\n\n\n<p>Edmundo Jacobo fue cesado el pasado 2 de marzo como secretario ejecutivo del Instituto Nacional Electoral (INE) tras la publicaci\u00f3n en el Diario Oficial de la Federaci\u00f3n (DOF) del Plan B de la Reforma Electoral.<\/p>\n\n\n\n<p>El INE reconoci\u00f3 su trabajo, dedicaci\u00f3n y vocaci\u00f3n democr\u00e1tica durante los 14 a\u00f1os al frente de la Secretar\u00eda Ejecutiva.<\/p>\n\n\n\n<p>(Con informaci\u00f3n de L\u00f3pez-D\u00f3riga Digital)<\/p>\n","protected":false},"excerpt":{"rendered":"<p>Redacci\u00f3n\/Zona Roja Cdmx. Ciudad de M\u00e9xico, a 11 de marzo de 2023.- Una jueza concedi\u00f3&hellip;<\/p>\n","protected":false},"author":2,"featured_media":52667,"comment_status":"closed","ping_status":"open","sticky":false,"template":"","format":"standard","meta":{"_lmt_disableupdate":"","_lmt_disable":"","_jetpack_memberships_contains_paid_content":false,"footnotes":""},"categories":[109,47],"tags":[2764],"class_list":["post-52666","post","type-post","status-publish","format-standard","has-post-thumbnail","hentry","category-minuto-a-minuto","category-zona-gris","tag-instituto-nacional-electoral-ine"],"jetpack_featured_media_url":"https:\/\/zonaroja.com.mx\/wp-content\/uploads\/2023\/03\/Edmundo-Jacobo-INE.jpeg","jetpack_sharing_enabled":true,"_links":{"self":[{"href":"https:\/\/zonaroja.com.mx\/index.php?rest_route=\/wp\/v2\/posts\/52666","targetHints":{"allow":["GET"]}}],"collection":[{"href":"https:\/\/zonaroja.com.mx\/index.php?rest_route=\/wp\/v2\/posts"}],"about":[{"href":"https:\/\/zonaroja.com.mx\/index.php?rest_route=\/wp\/v2\/types\/post"}],"author":[{"embeddable":true,"href":"https:\/\/zonaroja.com.mx\/index.php?rest_route=\/wp\/v2\/users\/2"}],"replies":[{"embeddable":true,"href":"https:\/\/zonaroja.com.mx\/index.php?rest_route=%2Fwp%2Fv2%2Fcomments&post=52666"}],"version-history":[{"count":1,"href":"https:\/\/zonaroja.com.mx\/index.php?rest_route=\/wp\/v2\/posts\/52666\/revisions"}],"predecessor-version":[{"id":52668,"href":"https:\/\/zonaroja.com.mx\/index.php?rest_route=\/wp\/v2\/posts\/52666\/revisions\/52668"}],"wp:featuredmedia":[{"embeddable":true,"href":"https:\/\/zonaroja.com.mx\/index.php?rest_route=\/wp\/v2\/media\/52667"}],"wp:attachment":[{"href":"https:\/\/zonaroja.com.mx\/index.php?rest_route=%2Fwp%2Fv2%2Fmedia&parent=52666"}],"wp:term":[{"taxonomy":"category","embeddable":true,"href":"https:\/\/zonaroja.com.mx\/index.php?rest_route=%2Fwp%2Fv2%2Fcategories&post=52666"},{"taxonomy":"post_tag","embeddable":true,"href":"https:\/\/zonaroja.com.mx\/index.php?rest_route=%2Fwp%2Fv2%2Ftags&post=52666"}],"curies":[{"name":"wp","href":"https:\/\/api.w.org\/{rel}","templated":true}]}}