{"id":52678,"date":"2023-03-11T07:36:09","date_gmt":"2023-03-11T13:36:09","guid":{"rendered":"http:\/\/www.zonaroja.com.mx\/?p=52678"},"modified":"2023-03-11T07:36:10","modified_gmt":"2023-03-11T13:36:10","slug":"en-24-horas-asesinan-a-balazos-a-otra-mujer-en-oaxaca","status":"publish","type":"post","link":"https:\/\/zonaroja.com.mx\/?p=52678","title":{"rendered":"En 24 horas, asesinan a balazos a otra mujer en Oaxaca"},"content":{"rendered":"\n<p>Ismael Garc\u00eda M.\/Zona Roja.<\/p>\n\n\n\n<p>Oaxaca de Ju\u00e1rez, Oax., a 11 de marzo de 2023.- En poco m\u00e1s de 24 horas, otra mujer fue asesinada en el estado de Oaxaca.<\/p>\n\n\n\n<p>El probable feminicidio ocurri\u00f3 anoche en el municipio de Salina Cruz, en que fue abatida a balazos una profesora, identificada como Atenea L. R., de 27 a\u00f1os de edad, en el interior de su veh\u00edculo de motor.<\/p>\n\n\n\n<p>La agresi\u00f3n armada ocurri\u00f3 cerca de la media noche en la calle Frontera de la colonia Cuauht\u00e9moc, cerca de un mercado, cuando la femenina se trasladaba a bordo de una camioneta marca Ford, tipo Ranger.<\/p>\n\n\n\n<p>El crimen ocurri\u00f3 en la fecha en que el mandatario Salom\u00f3n Jara Cruz rindi\u00f3 su informe de 100 d\u00edas de gobierno, en que adem\u00e1s asesinaron a una persona del sexo masculino, en Juchit\u00e1n.<\/p>\n\n\n\n<p>Hasta el momento no hay personas detenidas por estos hechos y personal de la Vicefiscal\u00eda Regional del Istmo inici\u00f3 las indagatorias correspondientes.<\/p>\n\n\n\n<p>Por otra parte, la Fiscal\u00eda General del Estado confirm\u00f3 el asesinato de Justa Sonia C. L., quien hab\u00eda sido reportada como desaparecida el 7 de marzo en el municipio de Ocotl\u00e1n de Morelos y fue hallada muerta el pasado jueves por la tarde en San Antonino Castillo Velasco.<\/p>\n\n\n\n<p>La instituci\u00f3n dio a conocer que inici\u00f3 una carpeta bajo Protocolo de Investigaci\u00f3n Ministerial, Policial y Pericial del Delito de Feminicidio, luego del hallazgo del cuerpo en el paraje \u201cYazee\u201d.&nbsp;<\/p>\n\n\n\n<p>\u201cLa Fiscal\u00eda General del Estado de Oaxaca refrenda su compromiso de procurar justicia a las v\u00edctimas directas e indirectas de delitos de g\u00e9nero, como mecanismo para evitar la repetici\u00f3n de hechos y en la b\u00fasqueda de acciones integrales de reparaci\u00f3n\u201d, indic\u00f3 en un comunicado emitido ayer.<\/p>\n","protected":false},"excerpt":{"rendered":"<p>Ismael Garc\u00eda M.\/Zona Roja. Oaxaca de Ju\u00e1rez, Oax., a 11 de marzo de 2023.- En&hellip;<\/p>\n","protected":false},"author":2,"featured_media":52679,"comment_status":"closed","ping_status":"open","sticky":false,"template":"","format":"standard","meta":{"_lmt_disableupdate":"","_lmt_disable":"","_jetpack_memberships_contains_paid_content":false,"footnotes":""},"categories":[109,51],"tags":[168],"class_list":["post-52678","post","type-post","status-publish","format-standard","has-post-thumbnail","hentry","category-minuto-a-minuto","category-zona-roja","tag-salina-cruz"],"jetpack_featured_media_url":"https:\/\/zonaroja.com.mx\/wp-content\/uploads\/2023\/03\/Asesinada-mujer-Salina-Cruz.jpg","jetpack_sharing_enabled":true,"_links":{"self":[{"href":"https:\/\/zonaroja.com.mx\/index.php?rest_route=\/wp\/v2\/posts\/52678","targetHints":{"allow":["GET"]}}],"collection":[{"href":"https:\/\/zonaroja.com.mx\/index.php?rest_route=\/wp\/v2\/posts"}],"about":[{"href":"https:\/\/zonaroja.com.mx\/index.php?rest_route=\/wp\/v2\/types\/post"}],"author":[{"embeddable":true,"href":"https:\/\/zonaroja.com.mx\/index.php?rest_route=\/wp\/v2\/users\/2"}],"replies":[{"embeddable":true,"href":"https:\/\/zonaroja.com.mx\/index.php?rest_route=%2Fwp%2Fv2%2Fcomments&post=52678"}],"version-history":[{"count":1,"href":"https:\/\/zonaroja.com.mx\/index.php?rest_route=\/wp\/v2\/posts\/52678\/revisions"}],"predecessor-version":[{"id":52680,"href":"https:\/\/zonaroja.com.mx\/index.php?rest_route=\/wp\/v2\/posts\/52678\/revisions\/52680"}],"wp:featuredmedia":[{"embeddable":true,"href":"https:\/\/zonaroja.com.mx\/index.php?rest_route=\/wp\/v2\/media\/52679"}],"wp:attachment":[{"href":"https:\/\/zonaroja.com.mx\/index.php?rest_route=%2Fwp%2Fv2%2Fmedia&parent=52678"}],"wp:term":[{"taxonomy":"category","embeddable":true,"href":"https:\/\/zonaroja.com.mx\/index.php?rest_route=%2Fwp%2Fv2%2Fcategories&post=52678"},{"taxonomy":"post_tag","embeddable":true,"href":"https:\/\/zonaroja.com.mx\/index.php?rest_route=%2Fwp%2Fv2%2Ftags&post=52678"}],"curies":[{"name":"wp","href":"https:\/\/api.w.org\/{rel}","templated":true}]}}