{"id":5268,"date":"2019-10-30T07:49:10","date_gmt":"2019-10-30T13:49:10","guid":{"rendered":"http:\/\/www.zonaroja.com.mx\/?p=5268"},"modified":"2019-10-30T07:49:14","modified_gmt":"2019-10-30T13:49:14","slug":"dan-14-anos-de-prision-a-violador-de-una-adolescente-en-oaxaca","status":"publish","type":"post","link":"https:\/\/zonaroja.com.mx\/?p=5268","title":{"rendered":"Dan 14 a\u00f1os de prisi\u00f3n a violador de una adolescente en Oaxaca"},"content":{"rendered":"\n<p>Redacci\u00f3n\/Zona Roja.<\/p>\n\n\n\n<p>Oaxaca de Ju\u00e1rez, Oax., 30 de octubre de\n2019.- Un juez del Poder Judicial de Oaxaca determin\u00f3 una sanci\u00f3n de 14 a\u00f1os\ncon tres meses de prisi\u00f3n para un individuo que viol\u00f3 a una adolescente de 14\na\u00f1os de edad, en el municipio de San Miguel Ejutla, en la regi\u00f3n Valles\nCentrales.<\/p>\n\n\n\n<p>En un comunicado, la Fiscal\u00eda General\ndel Estado inform\u00f3 que de acuerdo con la causa penal 606\/2018, el 30 de\nseptiembre del 2018, entre las 17:05 y 17:15 horas, la v\u00edctima se encontraba en\nla parte trasera de su casa ubicada en inmediaciones del camino viejo a San\nMiguel Ejutla, cuando fue violentada por el imputado, quien amenaz\u00e1ndola con un\narma de fuego, la oblig\u00f3 a realizarle un acto sexual contra su voluntad.<\/p>\n\n\n\n<p>Luego de la denuncia interpuesta por la\nadolescente y de la investigaci\u00f3n, la Fiscal\u00eda obtuvo orden de aprehensi\u00f3n en\ncontra del violador, a quien identific\u00f3, aprehendi\u00f3 y present\u00f3 ante la\nautoridad que lo requiri\u00f3.<\/p>\n\n\n\n<p>En audiencia realizada el 28 de octubre\nde este a\u00f1o, el Juez de Control dict\u00f3 sentencia condenatoria por 14 a\u00f1os y 3\nmeses en contra del violador, adem\u00e1s del pago de una multa por m\u00e1s de 55 mil\npesos.<\/p>\n","protected":false},"excerpt":{"rendered":"<p>Redacci\u00f3n\/Zona Roja. Oaxaca de Ju\u00e1rez, Oax., 30 de octubre de 2019.- Un juez del Poder&hellip;<\/p>\n","protected":false},"author":2,"featured_media":3970,"comment_status":"closed","ping_status":"open","sticky":false,"template":"","format":"standard","meta":{"_lmt_disableupdate":"","_lmt_disable":"","_jetpack_memberships_contains_paid_content":false,"footnotes":""},"categories":[109,51],"tags":[59,936],"class_list":["post-5268","post","type-post","status-publish","format-standard","has-post-thumbnail","hentry","category-minuto-a-minuto","category-zona-roja","tag-fiscalia-general-del-estado","tag-san-miguel-ejutla"],"jetpack_featured_media_url":"https:\/\/zonaroja.com.mx\/wp-content\/uploads\/2019\/09\/agresi\u00f3n-sexual.jpg","jetpack_sharing_enabled":true,"_links":{"self":[{"href":"https:\/\/zonaroja.com.mx\/index.php?rest_route=\/wp\/v2\/posts\/5268","targetHints":{"allow":["GET"]}}],"collection":[{"href":"https:\/\/zonaroja.com.mx\/index.php?rest_route=\/wp\/v2\/posts"}],"about":[{"href":"https:\/\/zonaroja.com.mx\/index.php?rest_route=\/wp\/v2\/types\/post"}],"author":[{"embeddable":true,"href":"https:\/\/zonaroja.com.mx\/index.php?rest_route=\/wp\/v2\/users\/2"}],"replies":[{"embeddable":true,"href":"https:\/\/zonaroja.com.mx\/index.php?rest_route=%2Fwp%2Fv2%2Fcomments&post=5268"}],"version-history":[{"count":1,"href":"https:\/\/zonaroja.com.mx\/index.php?rest_route=\/wp\/v2\/posts\/5268\/revisions"}],"predecessor-version":[{"id":5269,"href":"https:\/\/zonaroja.com.mx\/index.php?rest_route=\/wp\/v2\/posts\/5268\/revisions\/5269"}],"wp:featuredmedia":[{"embeddable":true,"href":"https:\/\/zonaroja.com.mx\/index.php?rest_route=\/wp\/v2\/media\/3970"}],"wp:attachment":[{"href":"https:\/\/zonaroja.com.mx\/index.php?rest_route=%2Fwp%2Fv2%2Fmedia&parent=5268"}],"wp:term":[{"taxonomy":"category","embeddable":true,"href":"https:\/\/zonaroja.com.mx\/index.php?rest_route=%2Fwp%2Fv2%2Fcategories&post=5268"},{"taxonomy":"post_tag","embeddable":true,"href":"https:\/\/zonaroja.com.mx\/index.php?rest_route=%2Fwp%2Fv2%2Ftags&post=5268"}],"curies":[{"name":"wp","href":"https:\/\/api.w.org\/{rel}","templated":true}]}}