{"id":52681,"date":"2023-03-11T08:59:00","date_gmt":"2023-03-11T14:59:00","guid":{"rendered":"http:\/\/www.zonaroja.com.mx\/?p=52681"},"modified":"2023-03-11T08:09:03","modified_gmt":"2023-03-11T14:09:03","slug":"la-ddhpo-investiga-denuncias-de-violencia-en-planteles-educativos-de-oaxaca","status":"publish","type":"post","link":"https:\/\/zonaroja.com.mx\/?p=52681","title":{"rendered":"La DDHPO investiga denuncias de violencia en planteles educativos de Oaxaca"},"content":{"rendered":"\n<p>Redacci\u00f3n\/Zona Roja.<\/p>\n\n\n\n<p>Oaxaca de Ju\u00e1rez, Oax., a 11 de marzo de 2023.- La violencia contra las mujeres, ni\u00f1as y adolescentes no deben ser tolerada en ning\u00fan espacio p\u00fablico ni privado, tampoco minimizada, es por ello que ante las denuncias de acoso sexual hechas por las estudiantes de instituciones educativas de nivel medio superior y superior, la Defensor\u00eda de los Derechos Humanos del Pueblo de Oaxaca inici\u00f3 procesos de investigaci\u00f3n ante posibles violaciones a derechos humanos cometidas por el personal de dichas escuelas.<\/p>\n\n\n\n<p>El organismo defensor inici\u00f3 de forma oficiosa los cuadernos de antecedentes DDHPO\/CA\/0100\/(01)\/OAX\/2023&nbsp; al tener conocimiento que alumnas del plantel 01 del Colegio de Bachilleres del Estado de Oaxaca realizaron un tendedero de denuncias de acoso sexual, adem\u00e1s abri\u00f3 el cuaderno DDHPO\/CA\/0103\/(01)\/OAX\/2023 &nbsp;por acciones similares en otras instituciones educativas como los Centros de Bachillerato Tecnol\u00f3gico, Industrial y de Servicio n\u00famero 26 y 123,&nbsp; as\u00ed como escuelas pertenecientes al Sistema de Universidades Estatales de Oaxaca y la Universidad Lasalle.<\/p>\n\n\n\n<p>La Defensor\u00eda de los Derechos Humanos del Pueblo de Oaxaca reconoci\u00f3 el esfuerzo y el valor de las estudiantes para hacer estas denuncias p\u00fablicas, pues varios de los se\u00f1alamientos son hacia docentes o personal de las instituciones educativas, lo que las coloca en una situaci\u00f3n de vulnerabilidad, adem\u00e1s pidi\u00f3 no estigmatizar ni criminalizar este tipo de denuncias.<\/p>\n\n\n\n<p>Agreg\u00f3 que este tipo de acciones no deben ser minimizadas, sino tomadas en cuenta, pues ellas tienen derecho a ser escuchadas, adem\u00e1s su actuaci\u00f3n representa un avance respecto a desnormalizar la violencia y un cambio de paradigma por parte de las adolescentes y las j\u00f3venes, quienes por medio de estas acciones pac\u00edficas reclaman ser escuchadas y que se les garantice su derecho a vivir libres de violencia.<\/p>\n\n\n\n<p>Ante esto, la Defensor\u00eda llam\u00f3 al Estado a tomar medidas integrales que permitan garantizar a las alumnas una educaci\u00f3n libre de violencia, as\u00ed como que tome medidas para sancionar y prevenir este tipo de casos.<\/p>\n\n\n\n<p>La Defensor\u00eda advirti\u00f3 que cualquier forma de violencia en instituciones educativas es una grave violaci\u00f3n a los derechos a la integridad y libertad personal de las adolescentes y las j\u00f3venes, quienes son las principales v\u00edctimas, especialmente cuando se trata del acoso y abuso sexual, pues son agredidas tanto por sus compa\u00f1eros y docentes.<\/p>\n\n\n\n<p>La DDHPO resalt\u00f3 que las denuncias en las que se se\u00f1ala como responsables a docentes o personal de las instituciones educativas son altamente preocupantes, por el contexto en el que se presentan, ya que existe una relaci\u00f3n desigual, pues los docentes y trabajadores de las instituciones educativas ostentan posiciones de poder frente a las estudiantes, lo que aumenta su vulnerabilidad.<\/p>\n\n\n\n<p>Por ello, la Defensor\u00eda de los Derechos Humanos hace un llamado al Estado a que realice las acciones necesarias que permitan primero conocer la magnitud de la situaci\u00f3n y atender en forma individual e integral cada uno de los casos y en los que se requiera brinde el acompa\u00f1amiento a las adolescentes y j\u00f3venes que necesiten presentar una denuncia ante instancias procuradoras de justicia.<\/p>\n\n\n\n<p>Asimismo, la instituci\u00f3n aut\u00f3noma se\u00f1al\u00f3 que es necesario que los diferentes niveles educativos de la entidad cuenten con protocolos de actuaci\u00f3n ante casos de violencia de g\u00e9nero como el acoso al interior de las instituciones educativas, para que puedan brindar una atenci\u00f3n inmediata e integral.<\/p>\n\n\n\n<p>Finalmente, la Defensor\u00eda tambi\u00e9n inst\u00f3 a que los procesos que se inicien realmente deriven en sanciones efectivas hacia quienes violenten a las adolescente y j\u00f3venes con acciones como el acoso, agresiones, expresiones verbales, misoginia, ciberacoso, intimidaciones y entre otras.<\/p>\n\n\n\n<p>(Comunicado)<\/p>\n","protected":false},"excerpt":{"rendered":"<p>Redacci\u00f3n\/Zona Roja. Oaxaca de Ju\u00e1rez, Oax., a 11 de marzo de 2023.- La violencia contra&hellip;<\/p>\n","protected":false},"author":2,"featured_media":52682,"comment_status":"closed","ping_status":"open","sticky":false,"template":"","format":"standard","meta":{"_lmt_disableupdate":"","_lmt_disable":"","_jetpack_memberships_contains_paid_content":false,"footnotes":""},"categories":[109,46],"tags":[286],"class_list":["post-52681","post","type-post","status-publish","format-standard","has-post-thumbnail","hentry","category-minuto-a-minuto","category-zona-blanca","tag-defensoria-de-los-derechos-humanos-del-pueblo-de-oaxaca"],"jetpack_featured_media_url":"https:\/\/zonaroja.com.mx\/wp-content\/uploads\/2023\/03\/Denuncias-acoso-tendedero-CBTIS-123.jpg","jetpack_sharing_enabled":true,"_links":{"self":[{"href":"https:\/\/zonaroja.com.mx\/index.php?rest_route=\/wp\/v2\/posts\/52681","targetHints":{"allow":["GET"]}}],"collection":[{"href":"https:\/\/zonaroja.com.mx\/index.php?rest_route=\/wp\/v2\/posts"}],"about":[{"href":"https:\/\/zonaroja.com.mx\/index.php?rest_route=\/wp\/v2\/types\/post"}],"author":[{"embeddable":true,"href":"https:\/\/zonaroja.com.mx\/index.php?rest_route=\/wp\/v2\/users\/2"}],"replies":[{"embeddable":true,"href":"https:\/\/zonaroja.com.mx\/index.php?rest_route=%2Fwp%2Fv2%2Fcomments&post=52681"}],"version-history":[{"count":1,"href":"https:\/\/zonaroja.com.mx\/index.php?rest_route=\/wp\/v2\/posts\/52681\/revisions"}],"predecessor-version":[{"id":52683,"href":"https:\/\/zonaroja.com.mx\/index.php?rest_route=\/wp\/v2\/posts\/52681\/revisions\/52683"}],"wp:featuredmedia":[{"embeddable":true,"href":"https:\/\/zonaroja.com.mx\/index.php?rest_route=\/wp\/v2\/media\/52682"}],"wp:attachment":[{"href":"https:\/\/zonaroja.com.mx\/index.php?rest_route=%2Fwp%2Fv2%2Fmedia&parent=52681"}],"wp:term":[{"taxonomy":"category","embeddable":true,"href":"https:\/\/zonaroja.com.mx\/index.php?rest_route=%2Fwp%2Fv2%2Fcategories&post=52681"},{"taxonomy":"post_tag","embeddable":true,"href":"https:\/\/zonaroja.com.mx\/index.php?rest_route=%2Fwp%2Fv2%2Ftags&post=52681"}],"curies":[{"name":"wp","href":"https:\/\/api.w.org\/{rel}","templated":true}]}}