{"id":52684,"date":"2023-03-11T08:14:42","date_gmt":"2023-03-11T14:14:42","guid":{"rendered":"http:\/\/www.zonaroja.com.mx\/?p=52684"},"modified":"2023-03-11T08:14:44","modified_gmt":"2023-03-11T14:14:44","slug":"otra-vez-el-mult-acusa-agresiones-armadas-por-parte-del-multi","status":"publish","type":"post","link":"https:\/\/zonaroja.com.mx\/?p=52684","title":{"rendered":"Otra vez, el MULT acusa agresiones armadas por parte del MULTI"},"content":{"rendered":"\n<p>Redacci\u00f3n\/Zona Roja.<\/p>\n\n\n\n<p>Oaxaca de Ju\u00e1rez, Oax., a 11 de marzo de 2023.- Por en\u00e9sima ocasi\u00f3n, el Movimiento de Unificaci\u00f3n y Lucha Triqui acus\u00f3 a su contraparte el MULTI de agresiones armadas.<\/p>\n\n\n\n<p>En un comunicado, el MULT inform\u00f3 que ayer hubo dos agresiones en contra de la comunidad de Tierra Blanca \u201cpor paramilitares del MULTI: a las 12 del mediod\u00eda y a las 4:30 de la tarde\u201d.<\/p>\n\n\n\n<p>Indic\u00f3 que a 100 d\u00edas del gobierno de Salom\u00f3n Jara Cruz y al cumplirse un mes y un d\u00eda de la emboscada donde murieron tres personas y uno est\u00e1 gravemente herido, no hay avances en las indagatorias.<\/p>\n\n\n\n<p>\u201cPor los agresiones del d\u00eda de hoy y de los hechos anteriores, exigimos en\u00e9rgicamente al Gobierno del Estado y al gobierno federal el esclarecimiento inmediato y la detenci\u00f3n de los autores materiales e intelectuales, de lo contrario se demostrar\u00e1 que se est\u00e1 tolerando la actuaci\u00f3n de MULTI en contra de nuestros compa\u00f1eros\u201d.<\/p>\n\n\n\n<p>Indic\u00f3 que continuar\u00e1n con su jornada de denuncias de las agresiones y asesinatos en contra de sus militantes, por lo cual no descart\u00f3 que haya m\u00e1s movilizaciones; pidi\u00f3 el respaldo y solidaridad de m\u00e1s organizaciones sociales.<\/p>\n","protected":false},"excerpt":{"rendered":"<p>Redacci\u00f3n\/Zona Roja. Oaxaca de Ju\u00e1rez, Oax., a 11 de marzo de 2023.- Por en\u00e9sima ocasi\u00f3n,&hellip;<\/p>\n","protected":false},"author":2,"featured_media":29765,"comment_status":"closed","ping_status":"open","sticky":false,"template":"","format":"standard","meta":{"_lmt_disableupdate":"","_lmt_disable":"","_jetpack_memberships_contains_paid_content":false,"footnotes":""},"categories":[109,47],"tags":[2411],"class_list":["post-52684","post","type-post","status-publish","format-standard","has-post-thumbnail","hentry","category-minuto-a-minuto","category-zona-gris","tag-movimiento-de-unificacion-y-lucha-triqui-independiente-multi"],"jetpack_featured_media_url":"https:\/\/zonaroja.com.mx\/wp-content\/uploads\/2021\/07\/Movimiento-de-Unificacion-y-Lucha-Triqui-MULT.jpg","jetpack_sharing_enabled":true,"_links":{"self":[{"href":"https:\/\/zonaroja.com.mx\/index.php?rest_route=\/wp\/v2\/posts\/52684","targetHints":{"allow":["GET"]}}],"collection":[{"href":"https:\/\/zonaroja.com.mx\/index.php?rest_route=\/wp\/v2\/posts"}],"about":[{"href":"https:\/\/zonaroja.com.mx\/index.php?rest_route=\/wp\/v2\/types\/post"}],"author":[{"embeddable":true,"href":"https:\/\/zonaroja.com.mx\/index.php?rest_route=\/wp\/v2\/users\/2"}],"replies":[{"embeddable":true,"href":"https:\/\/zonaroja.com.mx\/index.php?rest_route=%2Fwp%2Fv2%2Fcomments&post=52684"}],"version-history":[{"count":1,"href":"https:\/\/zonaroja.com.mx\/index.php?rest_route=\/wp\/v2\/posts\/52684\/revisions"}],"predecessor-version":[{"id":52685,"href":"https:\/\/zonaroja.com.mx\/index.php?rest_route=\/wp\/v2\/posts\/52684\/revisions\/52685"}],"wp:featuredmedia":[{"embeddable":true,"href":"https:\/\/zonaroja.com.mx\/index.php?rest_route=\/wp\/v2\/media\/29765"}],"wp:attachment":[{"href":"https:\/\/zonaroja.com.mx\/index.php?rest_route=%2Fwp%2Fv2%2Fmedia&parent=52684"}],"wp:term":[{"taxonomy":"category","embeddable":true,"href":"https:\/\/zonaroja.com.mx\/index.php?rest_route=%2Fwp%2Fv2%2Fcategories&post=52684"},{"taxonomy":"post_tag","embeddable":true,"href":"https:\/\/zonaroja.com.mx\/index.php?rest_route=%2Fwp%2Fv2%2Ftags&post=52684"}],"curies":[{"name":"wp","href":"https:\/\/api.w.org\/{rel}","templated":true}]}}