{"id":52690,"date":"2023-03-11T11:58:29","date_gmt":"2023-03-11T17:58:29","guid":{"rendered":"http:\/\/www.zonaroja.com.mx\/?p=52690"},"modified":"2023-03-11T12:04:34","modified_gmt":"2023-03-11T18:04:34","slug":"tercer-feminicidio-en-oaxaca-en-unas-24-horas-de-nuevo-en-salina-cruz","status":"publish","type":"post","link":"https:\/\/zonaroja.com.mx\/?p=52690","title":{"rendered":"Tercer feminicidio en Oaxaca en unas 24 horas; de nuevo en Salina Cruz"},"content":{"rendered":"\n<p>Ismael Garc\u00eda M.\/Zona Roja.&nbsp;<\/p>\n\n\n\n<p>Oaxaca de Ju\u00e1rez, Oax., a 11 de marzo de 2023.- En poco m\u00e1s de 24 horas, suman tres mujeres asesinadas en Oaxaca.&nbsp;<\/p>\n\n\n\n<p>El m\u00e1s reciente caso ocurri\u00f3 la madrugada de este s\u00e1bado en el municipio de Salina Cruz, donde horas antes mataron a una joven. <\/p>\n\n\n\n<p>En la cancha de la agencia Bah\u00eda La Ventosa se registr\u00f3 la agresi\u00f3n armada en contra de Juquila Alejandra M. R., de 30 a\u00f1os de edad, cuyo cuerpo presentaba mas de seis impactos de bala.<\/p>\n\n\n\n<p>El hecho ocurri\u00f3 tras un baile popular que se efectu\u00f3 en la explanada municipal de dicha localidad del municipio salinacrucense.<\/p>\n\n\n\n<p>Pese a que hab\u00eda a\u00fan muchas personas en la zona, no pudieron a detener al agresor.&nbsp;<\/p>\n\n\n\n<p>Horas antes en la colonia Cuauht\u00e9moc de Salina Cruz fue asesinada a balazos una profesora, Atenea L. R., de 27 a\u00f1os de edad, mientras transitaba en su camioneta.&nbsp;<\/p>\n\n\n\n<p>Y la v\u00edspera, el jueves, fue asesinada otra mujer, en San Antonino Castillo Velasco. <\/p>\n\n\n\n<p>En un comunicado, la Fiscal\u00eda General del Estado de Oaxaca inform\u00f3 que investiga los casos bajo los protocolos de feminicidio. <\/p>\n\n\n\n<p>\u201cLa Fiscal\u00eda refrenda el compromiso de procurar justicia para las v\u00edctimas directas e indirectas de delitos de g\u00e9nero, adem\u00e1s de que las muertes violentas de mujeres se indagan bajo Protocolo de Investigaci\u00f3n Ministerial, Policial y Pericial del Delito de Feminicidio\u201d, indic\u00f3. <\/p>\n","protected":false},"excerpt":{"rendered":"<p>Ismael Garc\u00eda M.\/Zona Roja.&nbsp; Oaxaca de Ju\u00e1rez, Oax., a 11 de marzo de 2023.- En&hellip;<\/p>\n","protected":false},"author":2,"featured_media":52689,"comment_status":"closed","ping_status":"open","sticky":false,"template":"","format":"standard","meta":{"_lmt_disableupdate":"","_lmt_disable":"","_jetpack_memberships_contains_paid_content":false,"footnotes":""},"categories":[109,51],"tags":[],"class_list":["post-52690","post","type-post","status-publish","format-standard","has-post-thumbnail","hentry","category-minuto-a-minuto","category-zona-roja"],"jetpack_featured_media_url":"https:\/\/zonaroja.com.mx\/wp-content\/uploads\/2023\/03\/0c11dd78-8040-4f1e-96d9-c5dc14bcd479.jpg","jetpack_sharing_enabled":true,"_links":{"self":[{"href":"https:\/\/zonaroja.com.mx\/index.php?rest_route=\/wp\/v2\/posts\/52690","targetHints":{"allow":["GET"]}}],"collection":[{"href":"https:\/\/zonaroja.com.mx\/index.php?rest_route=\/wp\/v2\/posts"}],"about":[{"href":"https:\/\/zonaroja.com.mx\/index.php?rest_route=\/wp\/v2\/types\/post"}],"author":[{"embeddable":true,"href":"https:\/\/zonaroja.com.mx\/index.php?rest_route=\/wp\/v2\/users\/2"}],"replies":[{"embeddable":true,"href":"https:\/\/zonaroja.com.mx\/index.php?rest_route=%2Fwp%2Fv2%2Fcomments&post=52690"}],"version-history":[{"count":2,"href":"https:\/\/zonaroja.com.mx\/index.php?rest_route=\/wp\/v2\/posts\/52690\/revisions"}],"predecessor-version":[{"id":52692,"href":"https:\/\/zonaroja.com.mx\/index.php?rest_route=\/wp\/v2\/posts\/52690\/revisions\/52692"}],"wp:featuredmedia":[{"embeddable":true,"href":"https:\/\/zonaroja.com.mx\/index.php?rest_route=\/wp\/v2\/media\/52689"}],"wp:attachment":[{"href":"https:\/\/zonaroja.com.mx\/index.php?rest_route=%2Fwp%2Fv2%2Fmedia&parent=52690"}],"wp:term":[{"taxonomy":"category","embeddable":true,"href":"https:\/\/zonaroja.com.mx\/index.php?rest_route=%2Fwp%2Fv2%2Fcategories&post=52690"},{"taxonomy":"post_tag","embeddable":true,"href":"https:\/\/zonaroja.com.mx\/index.php?rest_route=%2Fwp%2Fv2%2Ftags&post=52690"}],"curies":[{"name":"wp","href":"https:\/\/api.w.org\/{rel}","templated":true}]}}