{"id":52693,"date":"2023-03-11T14:58:26","date_gmt":"2023-03-11T20:58:26","guid":{"rendered":"http:\/\/www.zonaroja.com.mx\/?p=52693"},"modified":"2023-03-11T14:58:28","modified_gmt":"2023-03-11T20:58:28","slug":"desatienden-sso-caso-de-negligencia-medica-contra-mujer-embarazada-en-hospital-civil","status":"publish","type":"post","link":"https:\/\/zonaroja.com.mx\/?p=52693","title":{"rendered":"Desatienden SSO caso de negligencia m\u00e9dica contra mujer embarazada en Hospital Civil"},"content":{"rendered":"\n<p>Yuridiana Sosa\/Zona Roja.<\/p>\n\n\n\n<p>Oaxaca de Ju\u00e1rez, Oax., a 11 de marzo de 2023.- Familiares de una reci\u00e9n nacida que se encuentra bajo respiraci\u00f3n artificial tras una tard\u00eda ces\u00e1rea a la madre en el Hospital Civil \u201cDoctor Aurelio Valdivieso\u201d, exigieron a los Servicios de Salud de Oaxaca (SSO) justicia con la separaci\u00f3n del cargo de los m\u00e9dicos responsables, en especial de directora del nosocomio, Concepci\u00f3n Arias Cruz.<\/p>\n\n\n\n<p>A cinco d\u00edas de los hechos, la familia de la joven madre, quien tambi\u00e9n sigue hospitalizada tras el retiro de la matriz, denunci\u00f3 una vez m\u00e1s que los Servicios de Salud de Oaxaca no est\u00e1n garantizando la atenci\u00f3n para ambas pacientes, por el contrario, le piden al padre decidir en qu\u00e9 momento \u201cdesconectar\u201d a le beb\u00e9.<\/p>\n\n\n\n<p>En tanto que el jefe del \u00e1rea de Ginecolog\u00eda s\u00f3lo apunta que la situaci\u00f3n presentada \u2014tras 24 horas de estar la mujer en supuesta observaci\u00f3n para el parto\u2014 fue un accidente que no pudieron evitar ni predecir.<\/p>\n\n\n\n<p>Ante esta situaci\u00f3n, el padre de la reci\u00e9n nacida y sus familiares se manifestaron este s\u00e1bado afuera del nosocomio, pues hasta el momento la atenci\u00f3n para la madre e hija no ha sido suficiente, justificando que la complicaci\u00f3n deriv\u00f3 de una previa ces\u00e1rea en su primer embarazo.<\/p>\n\n\n\n<p>DESMIENTEN VERSI\u00d3N OFICIAL<\/p>\n\n\n\n<p>Los afectados aclararon que la directora, Concepci\u00f3n Roc\u00edo Arias, no ha tenido ning\u00fan tipo de comunicaci\u00f3n con ellos.<\/p>\n\n\n\n<p>Destacaron que la directora trat\u00f3 de cambiar la versi\u00f3n de los hechos ante la Defensor\u00eda de los Derechos Humanos del Pueblo de Oaxaca, donde incluy\u00f3 que la paciente requiri\u00f3 su alta voluntaria luego de 14 horas de permanecer en el hospital.<\/p>\n\n\n\n<p>En la denuncia, la familia expres\u00f3 que fue el nosocomio quien trat\u00f3 de obligarlos a firmar la alta voluntaria cerca de las 18:00 horas del d\u00eda 6 de marzo a pesar que les indicaron cerca de las 11:00 horas que le practicar\u00edan una ces\u00e1rea al presentar la beb\u00e9 el cord\u00f3n umbilical enredado en el cuello.<\/p>\n\n\n\n<p>Recordaron que Esmeralda acudi\u00f3 al Hospital Civil para atenci\u00f3n m\u00e9dica cerca de las 04:00 horas del 6 de marzo, pero la operaron hasta las 03:00 horas del siete de marzo ante complicaciones por la ruptura uterina que present\u00f3.<\/p>\n","protected":false},"excerpt":{"rendered":"<p>Yuridiana Sosa\/Zona Roja. Oaxaca de Ju\u00e1rez, Oax., a 11 de marzo de 2023.- Familiares de&hellip;<\/p>\n","protected":false},"author":2,"featured_media":52695,"comment_status":"closed","ping_status":"open","sticky":false,"template":"","format":"standard","meta":{"_lmt_disableupdate":"","_lmt_disable":"","_jetpack_memberships_contains_paid_content":false,"footnotes":""},"categories":[109,47],"tags":[1005],"class_list":["post-52693","post","type-post","status-publish","format-standard","has-post-thumbnail","hentry","category-minuto-a-minuto","category-zona-gris","tag-servicios-de-salud-de-oaxaca-sso"],"jetpack_featured_media_url":"https:\/\/zonaroja.com.mx\/wp-content\/uploads\/2023\/03\/Caso-negligencia-Hospital-Civil.jpg","jetpack_sharing_enabled":true,"_links":{"self":[{"href":"https:\/\/zonaroja.com.mx\/index.php?rest_route=\/wp\/v2\/posts\/52693","targetHints":{"allow":["GET"]}}],"collection":[{"href":"https:\/\/zonaroja.com.mx\/index.php?rest_route=\/wp\/v2\/posts"}],"about":[{"href":"https:\/\/zonaroja.com.mx\/index.php?rest_route=\/wp\/v2\/types\/post"}],"author":[{"embeddable":true,"href":"https:\/\/zonaroja.com.mx\/index.php?rest_route=\/wp\/v2\/users\/2"}],"replies":[{"embeddable":true,"href":"https:\/\/zonaroja.com.mx\/index.php?rest_route=%2Fwp%2Fv2%2Fcomments&post=52693"}],"version-history":[{"count":1,"href":"https:\/\/zonaroja.com.mx\/index.php?rest_route=\/wp\/v2\/posts\/52693\/revisions"}],"predecessor-version":[{"id":52696,"href":"https:\/\/zonaroja.com.mx\/index.php?rest_route=\/wp\/v2\/posts\/52693\/revisions\/52696"}],"wp:featuredmedia":[{"embeddable":true,"href":"https:\/\/zonaroja.com.mx\/index.php?rest_route=\/wp\/v2\/media\/52695"}],"wp:attachment":[{"href":"https:\/\/zonaroja.com.mx\/index.php?rest_route=%2Fwp%2Fv2%2Fmedia&parent=52693"}],"wp:term":[{"taxonomy":"category","embeddable":true,"href":"https:\/\/zonaroja.com.mx\/index.php?rest_route=%2Fwp%2Fv2%2Fcategories&post=52693"},{"taxonomy":"post_tag","embeddable":true,"href":"https:\/\/zonaroja.com.mx\/index.php?rest_route=%2Fwp%2Fv2%2Ftags&post=52693"}],"curies":[{"name":"wp","href":"https:\/\/api.w.org\/{rel}","templated":true}]}}