{"id":52697,"date":"2023-03-12T10:00:00","date_gmt":"2023-03-12T16:00:00","guid":{"rendered":"http:\/\/www.zonaroja.com.mx\/?p=52697"},"modified":"2023-03-11T15:18:13","modified_gmt":"2023-03-11T21:18:13","slug":"necesaria-la-deconstruccion-de-la-justicia-hacia-modelos-a-favor-de-la-mujer-fiscal","status":"publish","type":"post","link":"https:\/\/zonaroja.com.mx\/?p=52697","title":{"rendered":"Necesaria la deconstrucci\u00f3n de la justicia hacia modelos a favor de la mujer: fiscal"},"content":{"rendered":"\n<p>Yuridiana Sosa\/Zona Roja.<\/p>\n\n\n\n<p>Oaxaca de Ju\u00e1rez, Oax., a 12 de marzo de 2023.- Para contar con una sociedad m\u00e1s igualitaria, es necesaria la deconstrucci\u00f3n de los a\u00f1ejos modelos de procuraci\u00f3n y administraci\u00f3n de justicia, se\u00f1al\u00f3 el titular de la Fiscal\u00eda General de Oaxaca, Bernardo Rodr\u00edguez Alamilla.<\/p>\n\n\n\n<p>Durante la instalaci\u00f3n del Parlamento Juvenil: \u00abLa Agenda de las Mujeres desde la Visi\u00f3n de las Juventudes\u00bb, en el Congreso del Estado, el fiscal reconoci\u00f3 la iniciativa de llevar a cabo estas acciones que permiten la labor conjunta de mujeres y hombres para una mejor sociedad.<\/p>\n\n\n\n<p>Destac\u00f3 que la perspectiva de g\u00e9nero debe de ser transversal, tanto en la administraci\u00f3n p\u00fablica como en general en todo el \u00e1mbito p\u00fablico donde convivimos, para lo cual se hace indispensable la labor educativa para la formaci\u00f3n de generaciones con nuevos pensamientos.<\/p>\n\n\n\n<p>Por ello celebr\u00f3 la participaci\u00f3n de las instituciones educativas para que sus alumnos formen parte de estos ejercicios, pues es por medio de la educaci\u00f3n donde se nutren y se empiezan a generar espacios de transformaci\u00f3n, para cuando lleguen a la funci\u00f3n p\u00fablica, incluso a la Fiscal\u00eda, se cuente con esa perspectiva de g\u00e9nero.<\/p>\n\n\n\n<p>La Fiscal\u00eda de Oaxaca, apunt\u00f3 Rodr\u00edguez Alamilla, busca precisamente esos procesos de transformaci\u00f3n. \u201cLa procuraci\u00f3n y administraci\u00f3n de justicia fueron construidas, trabajadas desde un modelo patriarcal. Y hay que deconstruir estos modelos\u201d, asever\u00f3.<\/p>\n\n\n\n<p>El fiscal indic\u00f3 que espacios como el parlamento juvenil son b\u00e1sicos para que entre mujeres y hombres se construya un mundo m\u00e1s igualitario, por es una labor que le corresponde a todos desde el \u00e1mbito donde nos encontremos.<\/p>\n\n\n\n<p>Pero, los hombres, \u201csiendo conscientes de los privilegios que han tenido a lo largo de la historia\u201d, frente a las mujeres.<\/p>\n","protected":false},"excerpt":{"rendered":"<p>Yuridiana Sosa\/Zona Roja. Oaxaca de Ju\u00e1rez, Oax., a 12 de marzo de 2023.- Para contar&hellip;<\/p>\n","protected":false},"author":2,"featured_media":52698,"comment_status":"closed","ping_status":"open","sticky":false,"template":"","format":"standard","meta":{"_lmt_disableupdate":"","_lmt_disable":"","_jetpack_memberships_contains_paid_content":false,"footnotes":""},"categories":[109,46],"tags":[1262,494],"class_list":["post-52697","post","type-post","status-publish","format-standard","has-post-thumbnail","hentry","category-minuto-a-minuto","category-zona-blanca","tag-bernardo-rodriguez-alamilla","tag-fiscalia-general-del-estado-de-oaxaca"],"jetpack_featured_media_url":"https:\/\/zonaroja.com.mx\/wp-content\/uploads\/2023\/03\/Bernardo-Rodriguez-Alamilla-fiscal.jpg","jetpack_sharing_enabled":true,"_links":{"self":[{"href":"https:\/\/zonaroja.com.mx\/index.php?rest_route=\/wp\/v2\/posts\/52697","targetHints":{"allow":["GET"]}}],"collection":[{"href":"https:\/\/zonaroja.com.mx\/index.php?rest_route=\/wp\/v2\/posts"}],"about":[{"href":"https:\/\/zonaroja.com.mx\/index.php?rest_route=\/wp\/v2\/types\/post"}],"author":[{"embeddable":true,"href":"https:\/\/zonaroja.com.mx\/index.php?rest_route=\/wp\/v2\/users\/2"}],"replies":[{"embeddable":true,"href":"https:\/\/zonaroja.com.mx\/index.php?rest_route=%2Fwp%2Fv2%2Fcomments&post=52697"}],"version-history":[{"count":1,"href":"https:\/\/zonaroja.com.mx\/index.php?rest_route=\/wp\/v2\/posts\/52697\/revisions"}],"predecessor-version":[{"id":52699,"href":"https:\/\/zonaroja.com.mx\/index.php?rest_route=\/wp\/v2\/posts\/52697\/revisions\/52699"}],"wp:featuredmedia":[{"embeddable":true,"href":"https:\/\/zonaroja.com.mx\/index.php?rest_route=\/wp\/v2\/media\/52698"}],"wp:attachment":[{"href":"https:\/\/zonaroja.com.mx\/index.php?rest_route=%2Fwp%2Fv2%2Fmedia&parent=52697"}],"wp:term":[{"taxonomy":"category","embeddable":true,"href":"https:\/\/zonaroja.com.mx\/index.php?rest_route=%2Fwp%2Fv2%2Fcategories&post=52697"},{"taxonomy":"post_tag","embeddable":true,"href":"https:\/\/zonaroja.com.mx\/index.php?rest_route=%2Fwp%2Fv2%2Ftags&post=52697"}],"curies":[{"name":"wp","href":"https:\/\/api.w.org\/{rel}","templated":true}]}}