{"id":5270,"date":"2019-10-30T09:00:35","date_gmt":"2019-10-30T15:00:35","guid":{"rendered":"http:\/\/www.zonaroja.com.mx\/?p=5270"},"modified":"2019-10-30T09:00:38","modified_gmt":"2019-10-30T15:00:38","slug":"incrementan-en-oaxaca-a-15-anos-la-prision-por-delitos-de-pederastia","status":"publish","type":"post","link":"https:\/\/zonaroja.com.mx\/?p=5270","title":{"rendered":"Incrementan en Oaxaca a 15 a\u00f1os la prisi\u00f3n por delitos de pederastia"},"content":{"rendered":"\n<p>Redacci\u00f3n\/Zona Roja.<\/p>\n\n\n\n<p>Oaxaca de Ju\u00e1rez, Oax., 30 de octubre de\n2019.- El Congreso del Estado de Oaxaca aprob\u00f3 reformar el C\u00f3digo Penal local\npara aumentar el castigo contra quien cometa pederastia, hasta con 15 a\u00f1os de\nprisi\u00f3n.<\/p>\n\n\n\n<p>En un comunicado, indic\u00f3 que la pena\nser\u00e1 impuesta hacia quien cometa el delito de abuso sexual infantil contra una\npersona menor de 12 a\u00f1os de edad, incapaz o cuando se realice en persona que no\ntenga la capacidad de comprender el significado del hecho.<\/p>\n\n\n\n<p>Indic\u00f3 que la sanci\u00f3n actual que va de siete\na 12 a\u00f1os de prisi\u00f3n, es poco severa por la clase de da\u00f1o que se genera a los\nmenores de edad.<\/p>\n\n\n\n<p>Seg\u00fan los \u00faltimos datos emitidos por la\nFiscal\u00eda Especializada en Oaxaca, en 2017 se iniciaron dos mil 288 carpetas de\ninvestigaci\u00f3n por diversos delitos contra mujeres, ni\u00f1as y ni\u00f1os, de las cuales\n153 corresponden a abuso sexual contra menores de edad.<\/p>\n\n\n\n<p>Detall\u00f3 que la reforma atiende a\ndiversos preceptos internacionales y nacionales, entre los que se encuentran la\nConvenci\u00f3n que en su art\u00edculo 19 establece \u201cdeber\u00e1n adoptarse las medidas\nlegislativas, administrativas, sociales y educativas para proteger al ni\u00f1o\ncontra toda forma de prejuicio, incluido el abuso sexual\u201d.<\/p>\n\n\n\n<p>La reforma fue realizada al art\u00edculo 242\ndel C\u00f3digo Penal para el Estado Libre y Soberano de Oaxaca.<\/p>\n","protected":false},"excerpt":{"rendered":"<p>Redacci\u00f3n\/Zona Roja. Oaxaca de Ju\u00e1rez, Oax., 30 de octubre de 2019.- El Congreso del Estado&hellip;<\/p>\n","protected":false},"author":2,"featured_media":3280,"comment_status":"closed","ping_status":"open","sticky":false,"template":"","format":"standard","meta":{"_lmt_disableupdate":"","_lmt_disable":"","_jetpack_memberships_contains_paid_content":false,"footnotes":""},"categories":[109,46],"tags":[213],"class_list":["post-5270","post","type-post","status-publish","format-standard","has-post-thumbnail","hentry","category-minuto-a-minuto","category-zona-blanca","tag-64-legislatura-de-oaxaca"],"jetpack_featured_media_url":"https:\/\/zonaroja.com.mx\/wp-content\/uploads\/2019\/08\/IMG_0473.jpg","jetpack_sharing_enabled":true,"_links":{"self":[{"href":"https:\/\/zonaroja.com.mx\/index.php?rest_route=\/wp\/v2\/posts\/5270","targetHints":{"allow":["GET"]}}],"collection":[{"href":"https:\/\/zonaroja.com.mx\/index.php?rest_route=\/wp\/v2\/posts"}],"about":[{"href":"https:\/\/zonaroja.com.mx\/index.php?rest_route=\/wp\/v2\/types\/post"}],"author":[{"embeddable":true,"href":"https:\/\/zonaroja.com.mx\/index.php?rest_route=\/wp\/v2\/users\/2"}],"replies":[{"embeddable":true,"href":"https:\/\/zonaroja.com.mx\/index.php?rest_route=%2Fwp%2Fv2%2Fcomments&post=5270"}],"version-history":[{"count":1,"href":"https:\/\/zonaroja.com.mx\/index.php?rest_route=\/wp\/v2\/posts\/5270\/revisions"}],"predecessor-version":[{"id":5271,"href":"https:\/\/zonaroja.com.mx\/index.php?rest_route=\/wp\/v2\/posts\/5270\/revisions\/5271"}],"wp:featuredmedia":[{"embeddable":true,"href":"https:\/\/zonaroja.com.mx\/index.php?rest_route=\/wp\/v2\/media\/3280"}],"wp:attachment":[{"href":"https:\/\/zonaroja.com.mx\/index.php?rest_route=%2Fwp%2Fv2%2Fmedia&parent=5270"}],"wp:term":[{"taxonomy":"category","embeddable":true,"href":"https:\/\/zonaroja.com.mx\/index.php?rest_route=%2Fwp%2Fv2%2Fcategories&post=5270"},{"taxonomy":"post_tag","embeddable":true,"href":"https:\/\/zonaroja.com.mx\/index.php?rest_route=%2Fwp%2Fv2%2Ftags&post=5270"}],"curies":[{"name":"wp","href":"https:\/\/api.w.org\/{rel}","templated":true}]}}