{"id":52700,"date":"2023-03-11T15:24:11","date_gmt":"2023-03-11T21:24:11","guid":{"rendered":"http:\/\/www.zonaroja.com.mx\/?p=52700"},"modified":"2023-03-11T20:29:50","modified_gmt":"2023-03-12T02:29:50","slug":"denuncia-ctm-tradicion-de-su-dirigente-y-manos-del-gobierno-para-afiliar-a-catem","status":"publish","type":"post","link":"https:\/\/zonaroja.com.mx\/?p=52700","title":{"rendered":"Denuncia CTM traici\u00f3n de su dirigente y manos del gobierno para afiliar a CATEM"},"content":{"rendered":"\n<p>Yuridiana Sosa\/Zona Roja.<\/p>\n\n\n\n<p>Oaxaca de Ju\u00e1rez, Oax., a 11 de marzo de 2023.- Integrantes de la Confederaci\u00f3n de Trabajadores de M\u00e9xico (CTM) denunciaron traici\u00f3n del dirigente Carlos Mej\u00eda Gil, quien junto con funcionarios del actual gobierno estatal de la llamada \u00abCuarta transformaci\u00f3n\u00bb, los amenazan para afiliar a CATEM.<\/p>\n\n\n\n<p>En conferencia de prensa este s\u00e1bado, la secretaria de Relaciones de CTM en Oaxaca, Adriana Huerta Navarrete, se\u00f1al\u00f3 que el dirigente Mej\u00eda Gil les inform\u00f3 que por instrucciones del gobierno actual indic\u00f3 que todo CATEM se vaya a la CTM.<\/p>\n\n\n\n<p>Incluso, el lunes pasado algunos camiones ya recibieron sus calcas como afiliados, lo cual ocurri\u00f3 a espaldas de la lideresa y del conocimiento previo de los trabajadores.<\/p>\n\n\n\n<p>El hecho causa entre los cetemistas indignaci\u00f3n, pero al mismo tiempo temor por enfrentar este rechazo a una organizaci\u00f3n caracterizada por la comisi\u00f3n de hechos violentos y delitos, as\u00ed como temor al tener que trabajar junto con ellos.<\/p>\n\n\n\n<p>Para aceptar esta adhesi\u00f3n, la secretaria de Relaciones recibi\u00f3 amenazas de los propios l\u00edderes de CATEM. \u201cO te alineas o recuerda que sabemos enterrar cad\u00e1veres\u201d, fue la advertencia que le hicieron, apunt\u00f3 Huerta Navarrete, quien teme por su vida.<\/p>\n\n\n\n<p>Destacaron que durante el sexenio anterior aguantaron el rechazo a las obras, pues la l\u00ednea fue trabajar con CATEM, por lo que lamentaron que ahora se repita la historia para \u201calinearse\u201d a otros intereses.&nbsp;<\/p>\n\n\n\n<figure class=\"wp-block-embed is-type-rich is-provider-twitter wp-block-embed-twitter\"><div class=\"wp-block-embed__wrapper\">\n<div class=\"twitter-tweet\"><blockquote class=\"twitter-tweet\" data-lang=\"es\"><p lang=\"es\" dir=\"ltr\"><a href=\"https:\/\/twitter.com\/hashtag\/ENVIVO?src=hash&amp;ref_src=twsrc%5Etfw\">#ENVIVO<\/a><br>Santa Cruz Amilpas, Oax., a 11 de marzo de 2023.- Integrantes de la CTM, encabezados por Adriana Huerta Navarrete, secretaria Relaciones, denuncia traici\u00f3n del dirigente Carlos Mejia y afiliaci\u00f3n obligatoria a CATEM. <br>Transmisi\u00f3n \ud83d\udc47<a href=\"https:\/\/t.co\/dLqdc30LPL\">https:\/\/t.co\/dLqdc30LPL<\/a> <a href=\"https:\/\/t.co\/Ysyx5ILt9a\">pic.twitter.com\/Ysyx5ILt9a<\/a><\/p>&mdash; Zona Roja Oaxaca (@ZonaRoja_Oaxaca) <a href=\"https:\/\/twitter.com\/ZonaRoja_Oaxaca\/status\/1634643492407504896?ref_src=twsrc%5Etfw\">11 de marzo de 2023<\/a><\/blockquote><\/div>\n<\/div><\/figure>\n","protected":false},"excerpt":{"rendered":"<p>Yuridiana Sosa\/Zona Roja. Oaxaca de Ju\u00e1rez, Oax., a 11 de marzo de 2023.- Integrantes de&hellip;<\/p>\n","protected":false},"author":2,"featured_media":52694,"comment_status":"closed","ping_status":"open","sticky":false,"template":"","format":"standard","meta":{"_lmt_disableupdate":"","_lmt_disable":"","_jetpack_memberships_contains_paid_content":false,"footnotes":""},"categories":[109,47],"tags":[],"class_list":["post-52700","post","type-post","status-publish","format-standard","has-post-thumbnail","hentry","category-minuto-a-minuto","category-zona-gris"],"jetpack_featured_media_url":"https:\/\/zonaroja.com.mx\/wp-content\/uploads\/2023\/03\/Conferencia-de-prensa-grupo-CTM.jpg","jetpack_sharing_enabled":true,"_links":{"self":[{"href":"https:\/\/zonaroja.com.mx\/index.php?rest_route=\/wp\/v2\/posts\/52700","targetHints":{"allow":["GET"]}}],"collection":[{"href":"https:\/\/zonaroja.com.mx\/index.php?rest_route=\/wp\/v2\/posts"}],"about":[{"href":"https:\/\/zonaroja.com.mx\/index.php?rest_route=\/wp\/v2\/types\/post"}],"author":[{"embeddable":true,"href":"https:\/\/zonaroja.com.mx\/index.php?rest_route=\/wp\/v2\/users\/2"}],"replies":[{"embeddable":true,"href":"https:\/\/zonaroja.com.mx\/index.php?rest_route=%2Fwp%2Fv2%2Fcomments&post=52700"}],"version-history":[{"count":2,"href":"https:\/\/zonaroja.com.mx\/index.php?rest_route=\/wp\/v2\/posts\/52700\/revisions"}],"predecessor-version":[{"id":52703,"href":"https:\/\/zonaroja.com.mx\/index.php?rest_route=\/wp\/v2\/posts\/52700\/revisions\/52703"}],"wp:featuredmedia":[{"embeddable":true,"href":"https:\/\/zonaroja.com.mx\/index.php?rest_route=\/wp\/v2\/media\/52694"}],"wp:attachment":[{"href":"https:\/\/zonaroja.com.mx\/index.php?rest_route=%2Fwp%2Fv2%2Fmedia&parent=52700"}],"wp:term":[{"taxonomy":"category","embeddable":true,"href":"https:\/\/zonaroja.com.mx\/index.php?rest_route=%2Fwp%2Fv2%2Fcategories&post=52700"},{"taxonomy":"post_tag","embeddable":true,"href":"https:\/\/zonaroja.com.mx\/index.php?rest_route=%2Fwp%2Fv2%2Ftags&post=52700"}],"curies":[{"name":"wp","href":"https:\/\/api.w.org\/{rel}","templated":true}]}}