{"id":52707,"date":"2023-03-12T07:26:00","date_gmt":"2023-03-12T13:26:00","guid":{"rendered":"http:\/\/www.zonaroja.com.mx\/?p=52707"},"modified":"2023-03-12T06:29:47","modified_gmt":"2023-03-12T12:29:47","slug":"destaca-catedratico-de-universidad-de-perugia-logros-de-maestria-en-derecho-judicial","status":"publish","type":"post","link":"https:\/\/zonaroja.com.mx\/?p=52707","title":{"rendered":"Destaca catedr\u00e1tico de Universidad de Perugia logros de maestr\u00eda en Derecho Judicial"},"content":{"rendered":"\n<p>Redacci\u00f3n\/Zona Roja.&nbsp;<\/p>\n\n\n\n<p>Oaxaca de Ju\u00e1rez, Oax., a 12 de marzo de 2023.- Como parte de&nbsp;la doble titulaci\u00f3n&nbsp;-europea y mexicana-,&nbsp;de la&nbsp;maestr\u00eda en Derecho Judicial&nbsp;que imparte actualmente el Poder Judicial del Estado en conjunto con la Universidad de Perugia,&nbsp;Italia,&nbsp;los&nbsp;estudiantes&nbsp;realizar\u00e1n en septiembre de este a\u00f1o una estad\u00eda profesional en esa casa de estudios,&nbsp;una de la instituciones m\u00e1s antiguas y prestigiosas de Europa, fundada en el a\u00f1o 1308.&nbsp;<\/p>\n\n\n\n<p>En entrevista, el doctor Roberto&nbsp;Cippitani, presidente del Comit\u00e9 Acad\u00e9mico de la maestr\u00eda, profesor y titular de la c\u00e1tedra Jean Monnet, inform\u00f3 que&nbsp;adem\u00e1s&nbsp;de conocer personalmente a los catedr\u00e1ticos, los alumnos intercambiar\u00e1n experiencias no solo en el \u00e1mbito acad\u00e9mico sino profesional con visitas a la Escuela de la Magistratura italiana y otros tribunales para que puedan conocer mejor c\u00f3mo funciona el sistema judicial italiano, se\u00f1al\u00f3.<\/p>\n\n\n\n<p>El investigador asociado al Consejo Nacional de Investigaci\u00f3n de Italia y autor de innumerables obras,&nbsp;quien estuvo en Oaxaca durante una semana para impartir una conferencia magistral, clases presenciales como docente del m\u00f3dulo \u201cDerecho, Ciencia y Tecnolog\u00eda\u201d y tener encuentros con estudiantes, resalt\u00f3 los resultados positivos que ha obtenido la maestr\u00eda.&nbsp;<\/p>\n\n\n\n<p>\u201cLos jueces son operadores del derecho, son los int\u00e9rpretes m\u00e1s importantes, m\u00e1s calificados, deben tener una capacitaci\u00f3n especializada y actualizada en otros temas que les puedan servir como el respeto a los derechos humanos\u201d, indic\u00f3.<\/p>\n\n\n\n<p>Detall\u00f3 que otros los docentes, entre ellos&nbsp;Stefania&nbsp;Stefanelli&nbsp;y un importante historiador impartir\u00e1n pr\u00f3ximamente c\u00e1tedra en la entidad, dentro del plan de estudios de la maestr\u00eda que hoy es una realidad por iniciativa del magistrado Eduardo Pinacho S\u00e1nchez, en su inter\u00e9s de formar a una nueva generaci\u00f3n de juzgadores y&nbsp;convertir a Oaxaca en el centro de referencia internacional de derecho judicial.<\/p>\n\n\n\n<p>Estos estudios de posgrado garantizar\u00e1n la estabilizaci\u00f3n profesional a las y los egresados, les dotar\u00e1 de una visi\u00f3n internacional de la problem\u00e1tica que implica la impartici\u00f3n de justicia y una sensibilidad m\u00e1s desarrollada.<\/p>\n","protected":false},"excerpt":{"rendered":"<p>Redacci\u00f3n\/Zona Roja.&nbsp; Oaxaca de Ju\u00e1rez, Oax., a 12 de marzo de 2023.- Como parte de&nbsp;la&hellip;<\/p>\n","protected":false},"author":2,"featured_media":52708,"comment_status":"closed","ping_status":"open","sticky":false,"template":"","format":"standard","meta":{"_lmt_disableupdate":"","_lmt_disable":"","_jetpack_memberships_contains_paid_content":false,"footnotes":""},"categories":[109,46],"tags":[223],"class_list":["post-52707","post","type-post","status-publish","format-standard","has-post-thumbnail","hentry","category-minuto-a-minuto","category-zona-blanca","tag-poder-judicial-de-oaxaca"],"jetpack_featured_media_url":"https:\/\/zonaroja.com.mx\/wp-content\/uploads\/2023\/03\/El-destacado-jurista-intercambio-puntos-de-vista-con-el-titular-del-Poder-Judicial.jpg","jetpack_sharing_enabled":true,"_links":{"self":[{"href":"https:\/\/zonaroja.com.mx\/index.php?rest_route=\/wp\/v2\/posts\/52707","targetHints":{"allow":["GET"]}}],"collection":[{"href":"https:\/\/zonaroja.com.mx\/index.php?rest_route=\/wp\/v2\/posts"}],"about":[{"href":"https:\/\/zonaroja.com.mx\/index.php?rest_route=\/wp\/v2\/types\/post"}],"author":[{"embeddable":true,"href":"https:\/\/zonaroja.com.mx\/index.php?rest_route=\/wp\/v2\/users\/2"}],"replies":[{"embeddable":true,"href":"https:\/\/zonaroja.com.mx\/index.php?rest_route=%2Fwp%2Fv2%2Fcomments&post=52707"}],"version-history":[{"count":1,"href":"https:\/\/zonaroja.com.mx\/index.php?rest_route=\/wp\/v2\/posts\/52707\/revisions"}],"predecessor-version":[{"id":52709,"href":"https:\/\/zonaroja.com.mx\/index.php?rest_route=\/wp\/v2\/posts\/52707\/revisions\/52709"}],"wp:featuredmedia":[{"embeddable":true,"href":"https:\/\/zonaroja.com.mx\/index.php?rest_route=\/wp\/v2\/media\/52708"}],"wp:attachment":[{"href":"https:\/\/zonaroja.com.mx\/index.php?rest_route=%2Fwp%2Fv2%2Fmedia&parent=52707"}],"wp:term":[{"taxonomy":"category","embeddable":true,"href":"https:\/\/zonaroja.com.mx\/index.php?rest_route=%2Fwp%2Fv2%2Fcategories&post=52707"},{"taxonomy":"post_tag","embeddable":true,"href":"https:\/\/zonaroja.com.mx\/index.php?rest_route=%2Fwp%2Fv2%2Ftags&post=52707"}],"curies":[{"name":"wp","href":"https:\/\/api.w.org\/{rel}","templated":true}]}}