{"id":52720,"date":"2023-03-12T08:50:00","date_gmt":"2023-03-12T14:50:00","guid":{"rendered":"http:\/\/www.zonaroja.com.mx\/?p=52720"},"modified":"2023-03-12T07:26:18","modified_gmt":"2023-03-12T13:26:18","slug":"dos-ataques-armados-en-oaxaca-dejan-una-persona-herida","status":"publish","type":"post","link":"https:\/\/zonaroja.com.mx\/?p=52720","title":{"rendered":"Dos ataques armados en Oaxaca dejan una persona herida"},"content":{"rendered":"\n<p>Redacci\u00f3n\/Zona Roja.<\/p>\n\n\n\n<p>Oaxaca de Ju\u00e1rez, Oax., a 12 de marzo de 2023.- Dos ataques armados con saldo de un lesionado se registraron anoche en la ciudad de Oaxaca y su zona conurbada.<\/p>\n\n\n\n<p>Casi a la media noche, en el municipio de San Antonio de la Cal, al sur de la capital, sujetos armados dispararon en contra de un individuo en la calle cuarta Privada de Pinos, en el barrio Tercera Secci\u00f3n.<\/p>\n\n\n\n<p>La v\u00edctima fue trasladada grave de salud a un hospital de la ciudad de Oaxaca y no hay personas detenidas.<\/p>\n\n\n\n<p>Tambi\u00e9n anoche pero en la agencia Ejido Guadalupe Victoria, al norte de la capital, se registraron detonaciones de arma de fuego en un domicilio ubicado en la calle Adolfo L\u00f3pez Mateos n\u00famero 102.<\/p>\n\n\n\n<p>Presuntamente dos sujetos a bordo de una motocicleta dispararon en repetidas ocasiones en contra de una persona que descend\u00eda de su veh\u00edculo, pero result\u00f3 ileso.<\/p>\n\n\n\n<p>La polic\u00eda municipal que dirige el ex militar Ra\u00fal \u00c1vila Ibarra lleg\u00f3 tarde a la zona, pese a las constantes llamadas de auxilio, por lo cual no pudieron dar con los responsables de la agresi\u00f3n armada.<\/p>\n","protected":false},"excerpt":{"rendered":"<p>Redacci\u00f3n\/Zona Roja. Oaxaca de Ju\u00e1rez, Oax., a 12 de marzo de 2023.- Dos ataques armados&hellip;<\/p>\n","protected":false},"author":2,"featured_media":52721,"comment_status":"closed","ping_status":"open","sticky":false,"template":"","format":"standard","meta":{"_lmt_disableupdate":"","_lmt_disable":"","_jetpack_memberships_contains_paid_content":false,"footnotes":""},"categories":[109,47],"tags":[875],"class_list":["post-52720","post","type-post","status-publish","format-standard","has-post-thumbnail","hentry","category-minuto-a-minuto","category-zona-gris","tag-san-antonio-de-la-cal"],"jetpack_featured_media_url":"https:\/\/zonaroja.com.mx\/wp-content\/uploads\/2023\/03\/Baleado-San-Antonio-de-la-Cal.jpg","jetpack_sharing_enabled":true,"_links":{"self":[{"href":"https:\/\/zonaroja.com.mx\/index.php?rest_route=\/wp\/v2\/posts\/52720","targetHints":{"allow":["GET"]}}],"collection":[{"href":"https:\/\/zonaroja.com.mx\/index.php?rest_route=\/wp\/v2\/posts"}],"about":[{"href":"https:\/\/zonaroja.com.mx\/index.php?rest_route=\/wp\/v2\/types\/post"}],"author":[{"embeddable":true,"href":"https:\/\/zonaroja.com.mx\/index.php?rest_route=\/wp\/v2\/users\/2"}],"replies":[{"embeddable":true,"href":"https:\/\/zonaroja.com.mx\/index.php?rest_route=%2Fwp%2Fv2%2Fcomments&post=52720"}],"version-history":[{"count":1,"href":"https:\/\/zonaroja.com.mx\/index.php?rest_route=\/wp\/v2\/posts\/52720\/revisions"}],"predecessor-version":[{"id":52722,"href":"https:\/\/zonaroja.com.mx\/index.php?rest_route=\/wp\/v2\/posts\/52720\/revisions\/52722"}],"wp:featuredmedia":[{"embeddable":true,"href":"https:\/\/zonaroja.com.mx\/index.php?rest_route=\/wp\/v2\/media\/52721"}],"wp:attachment":[{"href":"https:\/\/zonaroja.com.mx\/index.php?rest_route=%2Fwp%2Fv2%2Fmedia&parent=52720"}],"wp:term":[{"taxonomy":"category","embeddable":true,"href":"https:\/\/zonaroja.com.mx\/index.php?rest_route=%2Fwp%2Fv2%2Fcategories&post=52720"},{"taxonomy":"post_tag","embeddable":true,"href":"https:\/\/zonaroja.com.mx\/index.php?rest_route=%2Fwp%2Fv2%2Ftags&post=52720"}],"curies":[{"name":"wp","href":"https:\/\/api.w.org\/{rel}","templated":true}]}}