{"id":52727,"date":"2023-03-12T20:27:21","date_gmt":"2023-03-13T02:27:21","guid":{"rendered":"http:\/\/www.zonaroja.com.mx\/?p=52727"},"modified":"2023-03-12T20:27:23","modified_gmt":"2023-03-13T02:27:23","slug":"y-tras-intenso-vandalismo-en-oaxaca-normalistas-doblegan-al-gobierno-de-jara","status":"publish","type":"post","link":"https:\/\/zonaroja.com.mx\/?p=52727","title":{"rendered":"Y tras intenso vandalismo en Oaxaca, normalistas doblegan al gobierno de Jara&nbsp;"},"content":{"rendered":"\n<p>Ismael Garc\u00eda M.\/Zona Roja.<\/p>\n\n\n\n<p>Oaxaca de Ju\u00e1rez, Oax., a 12 de marzo de 2023.- Rompieron vidrios de puertas y balcones; quemaron llantas; lanzaron cohetones al interior del Palacio de Gobierno; tiraron piedras, rompieron l\u00e1mparas; ahuyentaron a la polic\u00eda\u2026 y al final se fueron triunfantes e impunes.<\/p>\n\n\n\n<p>\u201c\u00a1V\u00e1monos! \u00a1Qu\u00e9 feo es este pinche estado! Nos dijeron que nos \u00edbamos a divertir y que hab\u00eda seguridad y \u00a1miren! \u00a1Vamos, corran!\u201d.<\/p>\n\n\n\n<p>El grito de una de tantas familias de turistas que como cientos de personas, llenaban el z\u00f3calo y disfrutaban de la m\u00fasica y de una jornada dominical aparentemente tranquila.<\/p>\n\n\n\n<p>Pero esa endeble paz se rompi\u00f3 a eso de las seis de la tarde. Unos 200 egresados normalistas llegaron con furia al Palacio de Gobierno y comenzaron a quemar llantas, a romper los vidrios con piedras lanzadas con horquetas y a gritar consignas.<\/p>\n\n\n\n<p>\u201c\u00a1Liberen a nuestro compa\u00f1ero o quemamos todo! \u00a1Si no nos dejan libre van a conocer nuestra rabia!\u201d.<\/p>\n\n\n\n<p>El motivo: la detenci\u00f3n, presuntamente por un elemento de la Polic\u00eda Municipal de Oaxaca de Ju\u00e1rez, de un normalista en inmediaciones del campamento que tienen dede hace mes y medio en la calle de Armenta y L\u00f3pez y Guerrero, a una cuadra del z\u00f3calo.<\/p>\n\n\n\n<p>Nadie para responder. Ni un funcionario en la zona. Gritos y m\u00e1s cohetes contra el inmueble. Las llantas ard\u00edan, el humo negro invad\u00eda todo el Centro Hist\u00f3rico, al igual que el miedo.<\/p>\n\n\n\n<p>Los restaurantes y dem\u00e1s comercios, a punto de cerrar las cortinas para evitar da\u00f1os. M\u00e1s piedras, m\u00e1s cohetones, quema de llantas y madera en la principal.<\/p>\n\n\n\n<p>Luego la corretiza, a las calles de Bustamante; luego a Trujano y Flores Mag\u00f3n.<\/p>\n\n\n\n<figure class=\"wp-block-embed is-type-rich is-provider-twitter wp-block-embed-twitter\"><div class=\"wp-block-embed__wrapper\">\n<div class=\"twitter-tweet\"><blockquote class=\"twitter-tweet\" data-lang=\"es\"><p lang=\"es\" dir=\"ltr\">Normalistas vandalizan el palacio de gobierno de Oaxaca para exigir la libertad de un detenido. Queman llantas y rompen vidrios del inmueble.<br>\ud83d\udc47transmisi\u00f3n <a href=\"https:\/\/t.co\/hhC3jtM9hz\">https:\/\/t.co\/hhC3jtM9hz<\/a> <a href=\"https:\/\/t.co\/rgTIvpGVb4\">pic.twitter.com\/rgTIvpGVb4<\/a><\/p>&mdash; Zona Roja Oaxaca (@ZonaRoja_Oaxaca) <a href=\"https:\/\/twitter.com\/ZonaRoja_Oaxaca\/status\/1635084894186668032?ref_src=twsrc%5Etfw\">13 de marzo de 2023<\/a><\/blockquote><\/div>\n<\/div><\/figure>\n\n\n\n<p>El motivo, la llegada de una patrulla, que fue ahuyentada por los normalistas a eso de las 18:30. Corrieron los polic\u00edas y los normalistas agarraron el primer cami\u00f3n que pas\u00f3 por 20 de Noviembre, para llevarlo al z\u00f3calo.<\/p>\n\n\n\n<p>Tensi\u00f3n a cada rato. Corredizas a los extremos del Palacio. Polic\u00edas de nuevo a eso de las siete de la noche. Ahora con equipo antimotines y listos para entrar en acci\u00f3n.<\/p>\n\n\n\n<p>Hasta esa hora lleg\u00f3 \u00c9dgar Gandarillas, funcionario de la Secretar\u00eda de Gobierno que encabeza Jes\u00fas Romero L\u00f3pez. Intent\u00f3 que se retirara la polic\u00eda.<\/p>\n\n\n\n<p>\u201cNo, h\u00e1blenle al secretario de Seguridad; yo no me puedo retirar si no recibo \u00f3rdenes de \u00e9l\u201d, respondi\u00f3 el elemento de la UPOE de la Polic\u00eda Estatal, Rogelio L\u00f3pez Escamilla, quien se inici\u00f3 como guardia de seguridad de Ulises Ruiz, y es cercano a Jos\u00e9 Manuel Vera Salinas, quien lo trajo a Oaxaca.<\/p>\n\n\n\n<p>Gandarillas tomaba el tel\u00e9fono; llamaba; la tensi\u00f3n crec\u00edan. Al otro extremo de Trujano, esquina Flores Mag\u00f3n, los normalistas listos para enfrentar a polic\u00edas; palos, piedras y cohetes de por medio.<\/p>\n\n\n\n<p>Por fin vino la orden. A las 19:11 horas la polic\u00eda volvi\u00f3 tras los pasos; en seguida, concedieron la petici\u00f3n de los normalistas: liberaron al detenido, supuestamente denunciado por una mujer que habr\u00eda sido agredida.<\/p>\n\n\n\n<p>A esa hora los comercios, como el restaurante \u201cBar Jard\u00edn\u201d, ya luc\u00edan vac\u00edos; la gente segu\u00eda huyendo, en previsi\u00f3n de lo peor.&nbsp;<\/p>\n\n\n\n<p>Pero no. A las 19:15 horas la tensi\u00f3n baj\u00f3. \u201cNo es una situaci\u00f3n que tuvo que ver con los normalistas; fue un incidente aislado que los normalistas malinterpretaron. No hay ninguna intenci\u00f3n por parte del gobierno estatal, de la Secretar\u00eda de Seguridad P\u00fablica para reprimir su movimiento. Fue un malentendido que ma\u00f1ana ser\u00e1 aclarado\u201d, defendi\u00f3 el funcionario de la Secretar\u00eda de Gobierno.<\/p>\n\n\n\n<p>-Hasta cu\u00e1ndo van a permitir a los normalistas estas movilizaciones.<\/p>\n\n\n\n<p>-Eh\u2026 est\u00e1\u2026 la informaci\u00f3n se la tienen que dar las autoridades correspondientes, yo no puedo darles esa informaci\u00f3n.<\/p>\n\n\n\n<p>-\u00bfFue liberada la persona?<\/p>\n\n\n\n<p>-Eh\u2026 ma\u00f1ana se dar\u00e1 informaci\u00f3n en la \u201cma\u00f1anera\u201d respecto a eso. Fue una confusi\u00f3n. Una confusi\u00f3n nada m\u00e1s.<\/p>\n\n\n\n<p>Una confusi\u00f3n en la que el gobierno de Salom\u00f3n Jara Cruz termin\u00f3 doblegado ante la ola vand\u00e1lica de los normalistas.<\/p>\n\n\n\n<p>\u201cPinche ma\u2026 y c\u00f3mo a los triquis y a los de Xiacu\u00ed s\u00ed les echaron a la polic\u00eda y los desalojaron y con los normalistas no puedan. \u00a1Para eso me gustaban!\u201d, mascull\u00f3 un ciudadano irritado que pasaba en la zona.<\/p>\n\n\n\n<figure class=\"wp-block-embed is-type-rich is-provider-twitter wp-block-embed-twitter\"><div class=\"wp-block-embed__wrapper\">\n<div class=\"twitter-tweet\"><blockquote class=\"twitter-tweet\" data-lang=\"es\"><p lang=\"es\" dir=\"ltr\"><a href=\"https:\/\/twitter.com\/hashtag\/%C3%9AltimoMinuto?src=hash&amp;ref_src=twsrc%5Etfw\">#\u00daltimoMinuto<\/a><br>Y normalistas doblegan con violencia al <a href=\"https:\/\/twitter.com\/GobOax?ref_src=twsrc%5Etfw\">@GobOax<\/a> de <a href=\"https:\/\/twitter.com\/salomonj?ref_src=twsrc%5Etfw\">@salomonj<\/a>.<br>Tras vandalismo y tard\u00eda llegada de un funcionario de la <a href=\"https:\/\/twitter.com\/SEGO_Oax?ref_src=twsrc%5Etfw\">@SEGO_Oax<\/a>, Edgar Gandarillas, finalmente se retira la Polic\u00eda Estatal y tambi\u00e9n los manifestantes, luego de haber logrado que liberaran a detenido. <a href=\"https:\/\/t.co\/R5o3lgxpYj\">pic.twitter.com\/R5o3lgxpYj<\/a><\/p>&mdash; Zona Roja Oaxaca (@ZonaRoja_Oaxaca) <a href=\"https:\/\/twitter.com\/ZonaRoja_Oaxaca\/status\/1635090058129833985?ref_src=twsrc%5Etfw\">13 de marzo de 2023<\/a><\/blockquote><\/div>\n<\/div><\/figure>\n","protected":false},"excerpt":{"rendered":"<p>Ismael Garc\u00eda M.\/Zona Roja. Oaxaca de Ju\u00e1rez, Oax., a 12 de marzo de 2023.- Rompieron&hellip;<\/p>\n","protected":false},"author":2,"featured_media":52728,"comment_status":"closed","ping_status":"open","sticky":false,"template":"","format":"standard","meta":{"_lmt_disableupdate":"","_lmt_disable":"","_jetpack_memberships_contains_paid_content":false,"footnotes":""},"categories":[109,47],"tags":[1916],"class_list":["post-52727","post","type-post","status-publish","format-standard","has-post-thumbnail","hentry","category-minuto-a-minuto","category-zona-gris","tag-protestas-estudiantes-normalistas-de-oaxaca"],"jetpack_featured_media_url":"https:\/\/zonaroja.com.mx\/wp-content\/uploads\/2023\/03\/IMG_2400.jpg","jetpack_sharing_enabled":true,"_links":{"self":[{"href":"https:\/\/zonaroja.com.mx\/index.php?rest_route=\/wp\/v2\/posts\/52727","targetHints":{"allow":["GET"]}}],"collection":[{"href":"https:\/\/zonaroja.com.mx\/index.php?rest_route=\/wp\/v2\/posts"}],"about":[{"href":"https:\/\/zonaroja.com.mx\/index.php?rest_route=\/wp\/v2\/types\/post"}],"author":[{"embeddable":true,"href":"https:\/\/zonaroja.com.mx\/index.php?rest_route=\/wp\/v2\/users\/2"}],"replies":[{"embeddable":true,"href":"https:\/\/zonaroja.com.mx\/index.php?rest_route=%2Fwp%2Fv2%2Fcomments&post=52727"}],"version-history":[{"count":1,"href":"https:\/\/zonaroja.com.mx\/index.php?rest_route=\/wp\/v2\/posts\/52727\/revisions"}],"predecessor-version":[{"id":52729,"href":"https:\/\/zonaroja.com.mx\/index.php?rest_route=\/wp\/v2\/posts\/52727\/revisions\/52729"}],"wp:featuredmedia":[{"embeddable":true,"href":"https:\/\/zonaroja.com.mx\/index.php?rest_route=\/wp\/v2\/media\/52728"}],"wp:attachment":[{"href":"https:\/\/zonaroja.com.mx\/index.php?rest_route=%2Fwp%2Fv2%2Fmedia&parent=52727"}],"wp:term":[{"taxonomy":"category","embeddable":true,"href":"https:\/\/zonaroja.com.mx\/index.php?rest_route=%2Fwp%2Fv2%2Fcategories&post=52727"},{"taxonomy":"post_tag","embeddable":true,"href":"https:\/\/zonaroja.com.mx\/index.php?rest_route=%2Fwp%2Fv2%2Ftags&post=52727"}],"curies":[{"name":"wp","href":"https:\/\/api.w.org\/{rel}","templated":true}]}}