{"id":52730,"date":"2023-03-12T21:30:12","date_gmt":"2023-03-13T03:30:12","guid":{"rendered":"http:\/\/www.zonaroja.com.mx\/?p=52730"},"modified":"2023-03-12T21:30:15","modified_gmt":"2023-03-13T03:30:15","slug":"me-da-dolor-y-tristeza-ver-nuestra-iglesia-catedral-en-el-exterior-arzobispo","status":"publish","type":"post","link":"https:\/\/zonaroja.com.mx\/?p=52730","title":{"rendered":"\u201cMe da dolor y tristeza ver nuestra iglesia Catedral en el exterior\u201d: Arzobispo"},"content":{"rendered":"\n<p>Ismael Garc\u00eda M.\/Zona Roja.<\/p>\n\n\n\n<p>Oaxaca de Ju\u00e1rez, Oax., a 12 de marzo de 2023.- El Arzobispo de Antequera Oaxaca, Pedro V\u00e1zquez Villalobos, lament\u00f3 el vandalismo en el exterior de la sede de la Catedral metropolitana, ocurrido el pasado 8 de marzo, pero tambi\u00e9n expres\u00f3 su respeto a toda persona que se manifiesta.<\/p>\n\n\n\n<p>\u201cMe da mucho dolor; mucha tristeza. Este recinto sagrado siento que merece ser respetado, as\u00ed lo expreso. Pero tambi\u00e9n digo: toda persona merece ser respetada, sea quien sea merece ser respetada.<\/p>\n\n\n\n<p>\u201cPero ah\u00ed est\u00e1 el dolor, la tristeza, la verg\u00fcenza; me da verg\u00fcenza que vean nuestra iglesia Catedral en el exterior as\u00ed\u201d, dijo en su homil\u00eda dominical, en que ley\u00f3 tambi\u00e9n un mensaje difundido por escrito, de parte de la Arquidi\u00f3cesis:<\/p>\n\n\n\n<p>\u201cEs muy lamentable el deterioro de nuestra sociedad, es urgente que demos una respuesta eficaz; elevo mis oraciones por todo el pueblo oaxaque\u00f1o, especialmente por las mujeres, nuestras hermanas: que est\u00e1n viviendo alg\u00fan tipo de sufrimiento en su cuerpo y en su alma.<\/p>\n\n\n\n<p>\u00abLes pido que sigamos viviendo con respeto y cari\u00f1o, que nos cuidemos unos a otros, sin hacernos da\u00f1o.<\/p>\n\n\n\n<figure class=\"wp-block-embed is-type-rich is-provider-twitter wp-block-embed-twitter\"><div class=\"wp-block-embed__wrapper\">\n<div class=\"twitter-tweet\"><blockquote class=\"twitter-tweet\" data-lang=\"es\"><p lang=\"es\" dir=\"ltr\"><a href=\"https:\/\/twitter.com\/hashtag\/%C3%9AltimoMinuto?src=hash&amp;ref_src=twsrc%5Etfw\">#\u00daltimoMinuto<\/a><br>1. \u201cMe da un dolor y tristeza ver nuestra iglesia Catedral\u201d, dice este mediod\u00eda el Arzobispo de Antequera Oaxaca, Pedro V\u00e1zquez Villalobos.<br>Reconoce qu\u00e9 hay una sociedad agraviada por la violencia. <br>En su homil\u00eda, pide a las autoridades atender clamores de justicia. <a href=\"https:\/\/t.co\/cZ90el9Yb1\">pic.twitter.com\/cZ90el9Yb1<\/a><\/p>&mdash; Zona Roja Oaxaca (@ZonaRoja_Oaxaca) <a href=\"https:\/\/twitter.com\/ZonaRoja_Oaxaca\/status\/1634997057042931712?ref_src=twsrc%5Etfw\">12 de marzo de 2023<\/a><\/blockquote><\/div>\n<\/div><\/figure>\n\n\n\n<p>\u201cExhorto a las autoridades competentes a que realicen con responsabilidad su servicio, para dar respuesta eficaz a las denuncias y exigencias de justicia que escuchamos en nuestros pueblos, ya que una sociedad que vive injusticias provoca que toda la comunidad se sienta afectada.&nbsp;<\/p>\n\n\n\n<p>\u201cNos unimos a las voces que se escuchan para poner fin a todo aquello que oprime, que asfixia, que esclaviza y que somete. Es necesario sanar<\/p>\n\n\n\n<p>heridas.&nbsp;<\/p>\n\n\n\n<p>\u201cDeseo vivamente que reine siempre el amor en sus corazones, que todos seamos respetados y valorados; ni\u00f1os, j\u00f3venes, hombres, mujeres y ancianos. Es urgente formar y educar a las nuevas generaciones en el amor, la paz, la tolerancia y el respeto, para crear empat\u00eda.&nbsp;<\/p>\n\n\n\n<p>\u201cSi deseamos ser amados, debemos manifestar nuestro amor a los dem\u00e1s<\/p>\n\n\n\n<p>con nuestras acciones y palabras\u2026 Ruego a San Jos\u00e9 y a Nuestra Se\u00f1ora de la Soledad, que derramen bendiciones sobre nuestros pueblos para erradicar el flagelo de la violencia, que tanto destruye la paz y la armon\u00eda\u201d.<\/p>\n\n\n\n<p>Adem\u00e1s, dio a conocer que ya solicit\u00f3 al Instituto Nacional de Antropolog\u00eda e Historia que realice las rehabilitaciones correspondientes, a fin de retirar las pintas. Reiter\u00f3 su respeto a las luchas de las personas as\u00ed como su solidaridad con las mujeres.<\/p>\n","protected":false},"excerpt":{"rendered":"<p>Ismael Garc\u00eda M.\/Zona Roja. Oaxaca de Ju\u00e1rez, Oax., a 12 de marzo de 2023.- El&hellip;<\/p>\n","protected":false},"author":2,"featured_media":52731,"comment_status":"closed","ping_status":"open","sticky":false,"template":"","format":"standard","meta":{"_lmt_disableupdate":"","_lmt_disable":"","_jetpack_memberships_contains_paid_content":false,"footnotes":""},"categories":[109,46],"tags":[2219],"class_list":["post-52730","post","type-post","status-publish","format-standard","has-post-thumbnail","hentry","category-minuto-a-minuto","category-zona-blanca","tag-arzobispo-pedro-vazquez-villalobos"],"jetpack_featured_media_url":"https:\/\/zonaroja.com.mx\/wp-content\/uploads\/2023\/03\/Arzobispo-de-Antequera-homilia-Catedral.jpg","jetpack_sharing_enabled":true,"_links":{"self":[{"href":"https:\/\/zonaroja.com.mx\/index.php?rest_route=\/wp\/v2\/posts\/52730","targetHints":{"allow":["GET"]}}],"collection":[{"href":"https:\/\/zonaroja.com.mx\/index.php?rest_route=\/wp\/v2\/posts"}],"about":[{"href":"https:\/\/zonaroja.com.mx\/index.php?rest_route=\/wp\/v2\/types\/post"}],"author":[{"embeddable":true,"href":"https:\/\/zonaroja.com.mx\/index.php?rest_route=\/wp\/v2\/users\/2"}],"replies":[{"embeddable":true,"href":"https:\/\/zonaroja.com.mx\/index.php?rest_route=%2Fwp%2Fv2%2Fcomments&post=52730"}],"version-history":[{"count":1,"href":"https:\/\/zonaroja.com.mx\/index.php?rest_route=\/wp\/v2\/posts\/52730\/revisions"}],"predecessor-version":[{"id":52732,"href":"https:\/\/zonaroja.com.mx\/index.php?rest_route=\/wp\/v2\/posts\/52730\/revisions\/52732"}],"wp:featuredmedia":[{"embeddable":true,"href":"https:\/\/zonaroja.com.mx\/index.php?rest_route=\/wp\/v2\/media\/52731"}],"wp:attachment":[{"href":"https:\/\/zonaroja.com.mx\/index.php?rest_route=%2Fwp%2Fv2%2Fmedia&parent=52730"}],"wp:term":[{"taxonomy":"category","embeddable":true,"href":"https:\/\/zonaroja.com.mx\/index.php?rest_route=%2Fwp%2Fv2%2Fcategories&post=52730"},{"taxonomy":"post_tag","embeddable":true,"href":"https:\/\/zonaroja.com.mx\/index.php?rest_route=%2Fwp%2Fv2%2Ftags&post=52730"}],"curies":[{"name":"wp","href":"https:\/\/api.w.org\/{rel}","templated":true}]}}