{"id":52733,"date":"2023-03-13T07:22:47","date_gmt":"2023-03-13T13:22:47","guid":{"rendered":"http:\/\/www.zonaroja.com.mx\/?p=52733"},"modified":"2023-03-13T07:22:49","modified_gmt":"2023-03-13T13:22:49","slug":"exigen-en-el-istmo-indagar-a-vicefiscal-regional-por-presuntas-alianzas-con-crimen","status":"publish","type":"post","link":"https:\/\/zonaroja.com.mx\/?p=52733","title":{"rendered":"Exigen en el Istmo indagar a vicefiscal Regional por presuntas alianzas con crimen"},"content":{"rendered":"\n<p>Redacci\u00f3n\/Zona Roja.<\/p>\n\n\n\n<p>Oaxaca de Ju\u00e1rez, Oax., a 13 de marzo de 2023.- Habitantes de la regi\u00f3n del Istmo de Tehuantepec demandaron a la Fiscal\u00eda General del Estado de Oaxaca investigar las presuntas irregularidades en que incurre el titular de la Vicefiscal\u00eda Regional del Istmo, Maurilio Cruz R\u00edos, y sus probables ligas con el crimen organizado.<\/p>\n\n\n\n<p>Lo anterior porque la mayor\u00eda de las investigaciones est\u00e1n detenidas e incluso archivadas, mientras que la ola criminal crece, como ocurri\u00f3 la semana pasada en Salina Cruz, Juchit\u00e1n y Santa Maria Mixtequilla, entre otros municipios.<\/p>\n\n\n\n<p>Seg\u00fan una denuncia difundida en redes sociales, Cruz R\u00edos podr\u00eda estar relacionado con los secuestros, ejecuciones y m\u00faltiples actos de corrupci\u00f3n, pese a lo cual se mantiene en el cargo.<\/p>\n\n\n\n<p>Fue designado en el sexenio del priista Alejandro Murat Hinojosa y hasta ahora, aseguran, ha actuado con impunidad, por lo cual piden al titular de la Fiscal\u00eda General, Bernardo Rodr\u00edguez Alamilla, cambiar al vicefiscal, como lo ha hecho ta en otras regiones.<\/p>\n\n\n\n<p>Seg\u00fan las denuncias, Maurilio Cruz R\u00edos \u201cha sido acusado de forma reiterada por cobrar sus servicios, una de sus aficiones es la de sumarse a los grupos del crimen en esa regi\u00f3n y proteger delincuentes a cambio de fuertes sumas de dinero.<\/p>\n\n\n\n<p>\u201cLos extorsionadores, los que cobran piso, todos aquellos asesinos han encontrado su para\u00edso a la llegada de Cruz R\u00edos, quien por cierto tiene tarifas que aplica sin excepci\u00f3n.&nbsp;Los delincuentes pagan y obtienen la protecci\u00f3n para continuar asesinando y extorsionando\u201d, refieren.<\/p>\n\n\n\n<p>Exigen tambi\u00e9n a la Fiscal\u00eda indagar su enriquecimiento inexplicable, entre ellos la compra de propiedades en Tehuantepec y en la zona metropolitana de la ciudad de Oaxaca.<\/p>\n","protected":false},"excerpt":{"rendered":"<p>Redacci\u00f3n\/Zona Roja. Oaxaca de Ju\u00e1rez, Oax., a 13 de marzo de 2023.- Habitantes de la&hellip;<\/p>\n","protected":false},"author":2,"featured_media":4811,"comment_status":"closed","ping_status":"open","sticky":false,"template":"","format":"standard","meta":{"_lmt_disableupdate":"","_lmt_disable":"","_jetpack_memberships_contains_paid_content":false,"footnotes":""},"categories":[109,47],"tags":[147],"class_list":["post-52733","post","type-post","status-publish","format-standard","has-post-thumbnail","hentry","category-minuto-a-minuto","category-zona-gris","tag-vicefiscalia-regional-del-istmo"],"jetpack_featured_media_url":"https:\/\/zonaroja.com.mx\/wp-content\/uploads\/2019\/10\/Vicefiscal\u00eda-Istmo.jpg","jetpack_sharing_enabled":true,"_links":{"self":[{"href":"https:\/\/zonaroja.com.mx\/index.php?rest_route=\/wp\/v2\/posts\/52733","targetHints":{"allow":["GET"]}}],"collection":[{"href":"https:\/\/zonaroja.com.mx\/index.php?rest_route=\/wp\/v2\/posts"}],"about":[{"href":"https:\/\/zonaroja.com.mx\/index.php?rest_route=\/wp\/v2\/types\/post"}],"author":[{"embeddable":true,"href":"https:\/\/zonaroja.com.mx\/index.php?rest_route=\/wp\/v2\/users\/2"}],"replies":[{"embeddable":true,"href":"https:\/\/zonaroja.com.mx\/index.php?rest_route=%2Fwp%2Fv2%2Fcomments&post=52733"}],"version-history":[{"count":1,"href":"https:\/\/zonaroja.com.mx\/index.php?rest_route=\/wp\/v2\/posts\/52733\/revisions"}],"predecessor-version":[{"id":52734,"href":"https:\/\/zonaroja.com.mx\/index.php?rest_route=\/wp\/v2\/posts\/52733\/revisions\/52734"}],"wp:featuredmedia":[{"embeddable":true,"href":"https:\/\/zonaroja.com.mx\/index.php?rest_route=\/wp\/v2\/media\/4811"}],"wp:attachment":[{"href":"https:\/\/zonaroja.com.mx\/index.php?rest_route=%2Fwp%2Fv2%2Fmedia&parent=52733"}],"wp:term":[{"taxonomy":"category","embeddable":true,"href":"https:\/\/zonaroja.com.mx\/index.php?rest_route=%2Fwp%2Fv2%2Fcategories&post=52733"},{"taxonomy":"post_tag","embeddable":true,"href":"https:\/\/zonaroja.com.mx\/index.php?rest_route=%2Fwp%2Fv2%2Ftags&post=52733"}],"curies":[{"name":"wp","href":"https:\/\/api.w.org\/{rel}","templated":true}]}}