{"id":52737,"date":"2023-03-13T10:54:00","date_gmt":"2023-03-13T16:54:00","guid":{"rendered":"http:\/\/www.zonaroja.com.mx\/?p=52737"},"modified":"2023-03-13T07:55:47","modified_gmt":"2023-03-13T13:55:47","slug":"oficializan-integracion-de-25-distritos-electorales-de-oaxaca-rumbo-al-2024","status":"publish","type":"post","link":"https:\/\/zonaroja.com.mx\/?p=52737","title":{"rendered":"Oficializan integraci\u00f3n de 25 distritos electorales de Oaxaca, rumbo al 2024"},"content":{"rendered":"\n<p>Redacci\u00f3n\/Zona Roja.<\/p>\n\n\n\n<p>Oaxaca de Ju\u00e1rez, Oax., a 13 de marzo de 2023.- El Diario Oficial de la Federaci\u00f3n (DOF) public\u00f3 el Acuerdo General del Instituto Nacional Electoral (INE) a trav\u00e9s del cual se confirman las modificaciones hechas a los 25 distritos electorales en los que se dividir\u00e1 Oaxaca en los comicios intermedios de 2024, que habr\u00e1n de renovar 42 curules en el Congreso estatal y 153 ayuntamientos que se rigen por partidos pol\u00edticos.<\/p>\n\n\n\n<p>Las adecuaciones incluyen la desaparici\u00f3n de uno de los distritos que hasta este a\u00f1o ten\u00edan cabecera en la ciudad de Oaxaca de Ju\u00e1rez y la creaci\u00f3n de otro, como el de la Villa de Etla, adem\u00e1s del cambio de sede administrativa de otros que hasta ahora operaron en &nbsp;Salina Cruz y Acatl\u00e1n de P\u00e9rez Figueroa.<\/p>\n\n\n\n<p>El document\u00f3 indica que despu\u00e9s del proceso de organizaci\u00f3n, en Oaxaca fueron creadas 10 nuevas secciones electorales que se distribuyeron en los distritos de San Juan Bautista Tuxtepec (3), Santa Cruz Xoxocotlan (2) y Santa Luc\u00eda del Camino (5).<\/p>\n\n\n\n<p>Asimismo, indica que la elecci\u00f3n de las cabeceras electorales radic\u00f3 en el n\u00famero de poblaci\u00f3n, la calidad de sus v\u00edas de comunicaci\u00f3n y el mejor acceso a los servicios p\u00fablicos.<\/p>\n\n\n\n<p>De esa forma, el distrito electoral n\u00famero uno tendr\u00e1 sede en Jalapa de D\u00edaz, en la regi\u00f3n de la Cuenca del Papaloapan, en sustituci\u00f3n de Acatl\u00e1n de P\u00e9rez Figueroa, que, sin embargo, seguir\u00e1 integrando aquella demarcaci\u00f3n territorial.<\/p>\n\n\n\n<p>El distrito electoral n\u00famero dos tendr\u00e1 sede en San Juan Bautista Tuxtepec, tambi\u00e9n en la Cuenca del Papaloapan, al tiempo que el distrito n\u00famero tres tendr\u00e1 cabecera en Loma Bonita.<\/p>\n\n\n\n<p>El distrito cuatro estar\u00e1 ubicado administrativamente en Teotitl\u00e1n de Flores Mag\u00f3n, en la regi\u00f3n de la Ca\u00f1ada, al tiempo que el distrito cinco fungir\u00e1 en Asunci\u00f3n Nochixtl\u00e1n, en la Mixteca.<\/p>\n\n\n\n<p>La sede electoral-administrativa del distrito seis se ubicar\u00e1 en Huajuapan de Le\u00f3n; la del distrito siete, en Putla Villa de Guerrero, y la del ocho en Tlaxiaco; todas aquellas demarcaciones, en la regi\u00f3n de la Mixteca.<\/p>\n\n\n\n<p>El distrito nueve funcionar\u00e1 en Ixtl\u00e1n de Ju\u00e1rez, en la Sierra Norte; el 10 en San Pedro y San Pablo Ayutla, tambi\u00e9n en la Sierra Norte, y el 11 de situar\u00e1 en Mat\u00edas Romero Avenda\u00f1o, al norte del Istmo de Tehuantepec.<\/p>\n\n\n\n<p>El distrito n\u00famero 12 estar\u00e1 localizado administrativamente en Santa Luc\u00eda del Camino, en la regi\u00f3n de Valles Centrales; el 13 en Oaxaca de Ju\u00e1rez; el 14, en la Villa de Etla; el 15, en Santa Cruz Xoxocotl\u00e1n; el 16, en Zimatl\u00e1n de \u00c1lvarez, y el 17, en Tlacolula de Matamoros.<\/p>\n\n\n\n<p>El distrito 18 tendr\u00e1 cabecera en Santo Domingo, Tehuantepec; el 19, en Ciudad Ixtepec; el 20, en Juchit\u00e1n de Zaragoza; el 21, en Ocotl\u00e1n de Morelos; el 22 en Pinotepa Nacional (Costa); el 23, en San Pedro Mixtepec (Costa); el 24, en Miahuatl\u00e1n de Porfirio D\u00edaz (Sierra Sur) y el 25 en San Pedro Pochutla (Costa).<\/p>\n","protected":false},"excerpt":{"rendered":"<p>Redacci\u00f3n\/Zona Roja. Oaxaca de Ju\u00e1rez, Oax., a 13 de marzo de 2023.- El Diario Oficial&hellip;<\/p>\n","protected":false},"author":2,"featured_media":27827,"comment_status":"closed","ping_status":"open","sticky":false,"template":"","format":"standard","meta":{"_lmt_disableupdate":"","_lmt_disable":"","_jetpack_memberships_contains_paid_content":false,"footnotes":""},"categories":[109,46],"tags":[2932],"class_list":["post-52737","post","type-post","status-publish","format-standard","has-post-thumbnail","hentry","category-minuto-a-minuto","category-zona-blanca","tag-instituto-estatal-electoral-y-de-participacion-ciudadana-de-oaxaca-ieepco"],"jetpack_featured_media_url":"https:\/\/zonaroja.com.mx\/wp-content\/uploads\/2021\/05\/Elecciones-Mexico-1.jpg","jetpack_sharing_enabled":true,"_links":{"self":[{"href":"https:\/\/zonaroja.com.mx\/index.php?rest_route=\/wp\/v2\/posts\/52737","targetHints":{"allow":["GET"]}}],"collection":[{"href":"https:\/\/zonaroja.com.mx\/index.php?rest_route=\/wp\/v2\/posts"}],"about":[{"href":"https:\/\/zonaroja.com.mx\/index.php?rest_route=\/wp\/v2\/types\/post"}],"author":[{"embeddable":true,"href":"https:\/\/zonaroja.com.mx\/index.php?rest_route=\/wp\/v2\/users\/2"}],"replies":[{"embeddable":true,"href":"https:\/\/zonaroja.com.mx\/index.php?rest_route=%2Fwp%2Fv2%2Fcomments&post=52737"}],"version-history":[{"count":1,"href":"https:\/\/zonaroja.com.mx\/index.php?rest_route=\/wp\/v2\/posts\/52737\/revisions"}],"predecessor-version":[{"id":52738,"href":"https:\/\/zonaroja.com.mx\/index.php?rest_route=\/wp\/v2\/posts\/52737\/revisions\/52738"}],"wp:featuredmedia":[{"embeddable":true,"href":"https:\/\/zonaroja.com.mx\/index.php?rest_route=\/wp\/v2\/media\/27827"}],"wp:attachment":[{"href":"https:\/\/zonaroja.com.mx\/index.php?rest_route=%2Fwp%2Fv2%2Fmedia&parent=52737"}],"wp:term":[{"taxonomy":"category","embeddable":true,"href":"https:\/\/zonaroja.com.mx\/index.php?rest_route=%2Fwp%2Fv2%2Fcategories&post=52737"},{"taxonomy":"post_tag","embeddable":true,"href":"https:\/\/zonaroja.com.mx\/index.php?rest_route=%2Fwp%2Fv2%2Ftags&post=52737"}],"curies":[{"name":"wp","href":"https:\/\/api.w.org\/{rel}","templated":true}]}}