{"id":52741,"date":"2023-03-13T12:01:00","date_gmt":"2023-03-13T18:01:00","guid":{"rendered":"http:\/\/www.zonaroja.com.mx\/?p=52741"},"modified":"2023-03-13T08:04:32","modified_gmt":"2023-03-13T14:04:32","slug":"demanda-congreso-sancionar-responsables-de-la-sustraccion-de-autos-en-la-capital","status":"publish","type":"post","link":"https:\/\/zonaroja.com.mx\/?p=52741","title":{"rendered":"Demanda Congreso sancionar responsables de la sustracci\u00f3n de autos en la capital"},"content":{"rendered":"\n<p>Redacci\u00f3n\/Zona Roja.<\/p>\n\n\n\n<p>Oaxaca de Ju\u00e1rez, Oax., 13 de marzo de 2023.- Por iniciativa del grupo parlamentario de Morena, la 65 Legislatura del Congreso del Estado solicita investigar y sancionar a los responsables de la sustracci\u00f3n irregular de veh\u00edculos del encierro municipal de Oaxaca de Ju\u00e1rez, denominado \u201cPrimavera\u201d.<\/p>\n\n\n\n<p>En tribuna, la legisladora Hayde\u00e9 Reyes Soto expuso la problem\u00e1tica y reiter\u00f3 la responsabilidad de cada servidor p\u00fablico de conducirse con legalidad y honradez, por lo que cualquier persona funcionaria que incurra en alg\u00fan delito, debe ser sancionada administrativa y penalmente, ya sea por acciones, omisiones o violaciones a las leyes.&nbsp;<\/p>\n\n\n\n<p>Al reconocer y respaldar la decisi\u00f3n del presidente municipal de Oaxaca de Ju\u00e1rez de despedir a seis funcionarios presuntamente involucrados, la diputada pidi\u00f3 que se deslinden las responsabilidades a fin de aplicar la ley.&nbsp;<\/p>\n\n\n\n<p>\u201cQu\u00e9 bueno que esos funcionarios fueron cesados y hacemos el llamado para que, de comprobarse otras responsabilidades y complicidades, tambi\u00e9n sean castigados, ya que todos ellos ten\u00edan jefes directos. Un gobierno de la Cuarta Transformaci\u00f3n no debe tolerar ser manchado por conductas corruptas, por complicidades, ni por un ejercicio poco profesional de la administraci\u00f3n p\u00fablica\u201d, declar\u00f3.&nbsp;<\/p>\n\n\n\n<p>Por tal motivo, el Congreso local solicita a los titulares de la Fiscal\u00eda General del Estado y del \u00d3rgano Interno de Control Municipal de Oaxaca de Ju\u00e1rez, para que investiguen y realicen los procedimientos correspondientes sobre las denuncias presentadas en contra de las y los servidores p\u00fablicos municipales y de quienes resulten responsables por la sustracci\u00f3n y venta ilegal de 426 veh\u00edculos, 350 motocicletas, 34 bicicletas y un mont\u00edculo de desperdicios del encierro municipal \u201cPrimavera\u201d.<\/p>\n\n\n\n<p>\u201cY se impongan las sanciones penales y administrativas sin distinci\u00f3n alguna por la comisi\u00f3n de estos hechos. Asimismo se exhorta respetuosamente al Presidente Municipal de Oaxaca de Ju\u00e1rez para que informe a la ciudadan\u00eda si ya existe alguna sanci\u00f3n administrativa y penal en contra de los responsables\u201d.<\/p>\n","protected":false},"excerpt":{"rendered":"<p>Redacci\u00f3n\/Zona Roja. Oaxaca de Ju\u00e1rez, Oax., 13 de marzo de 2023.- Por iniciativa del grupo&hellip;<\/p>\n","protected":false},"author":2,"featured_media":52743,"comment_status":"closed","ping_status":"open","sticky":false,"template":"","format":"standard","meta":{"_lmt_disableupdate":"","_lmt_disable":"","_jetpack_memberships_contains_paid_content":false,"footnotes":""},"categories":[109,46],"tags":[303],"class_list":["post-52741","post","type-post","status-publish","format-standard","has-post-thumbnail","hentry","category-minuto-a-minuto","category-zona-blanca","tag-congreso-del-estado-de-oaxaca"],"jetpack_featured_media_url":"https:\/\/zonaroja.com.mx\/wp-content\/uploads\/2023\/03\/FOTO1-Congreso-solicita-sanciones-para-responsables-de-la-sustraccion-de-autos-de-encierro-municipal.jpeg","jetpack_sharing_enabled":true,"_links":{"self":[{"href":"https:\/\/zonaroja.com.mx\/index.php?rest_route=\/wp\/v2\/posts\/52741","targetHints":{"allow":["GET"]}}],"collection":[{"href":"https:\/\/zonaroja.com.mx\/index.php?rest_route=\/wp\/v2\/posts"}],"about":[{"href":"https:\/\/zonaroja.com.mx\/index.php?rest_route=\/wp\/v2\/types\/post"}],"author":[{"embeddable":true,"href":"https:\/\/zonaroja.com.mx\/index.php?rest_route=\/wp\/v2\/users\/2"}],"replies":[{"embeddable":true,"href":"https:\/\/zonaroja.com.mx\/index.php?rest_route=%2Fwp%2Fv2%2Fcomments&post=52741"}],"version-history":[{"count":1,"href":"https:\/\/zonaroja.com.mx\/index.php?rest_route=\/wp\/v2\/posts\/52741\/revisions"}],"predecessor-version":[{"id":52744,"href":"https:\/\/zonaroja.com.mx\/index.php?rest_route=\/wp\/v2\/posts\/52741\/revisions\/52744"}],"wp:featuredmedia":[{"embeddable":true,"href":"https:\/\/zonaroja.com.mx\/index.php?rest_route=\/wp\/v2\/media\/52743"}],"wp:attachment":[{"href":"https:\/\/zonaroja.com.mx\/index.php?rest_route=%2Fwp%2Fv2%2Fmedia&parent=52741"}],"wp:term":[{"taxonomy":"category","embeddable":true,"href":"https:\/\/zonaroja.com.mx\/index.php?rest_route=%2Fwp%2Fv2%2Fcategories&post=52741"},{"taxonomy":"post_tag","embeddable":true,"href":"https:\/\/zonaroja.com.mx\/index.php?rest_route=%2Fwp%2Fv2%2Ftags&post=52741"}],"curies":[{"name":"wp","href":"https:\/\/api.w.org\/{rel}","templated":true}]}}