{"id":52749,"date":"2023-03-13T08:30:59","date_gmt":"2023-03-13T14:30:59","guid":{"rendered":"http:\/\/www.zonaroja.com.mx\/?p=52749"},"modified":"2023-03-13T08:31:01","modified_gmt":"2023-03-13T14:31:01","slug":"otra-mujer-asesinada-ahora-en-la-region-de-la-cuenca","status":"publish","type":"post","link":"https:\/\/zonaroja.com.mx\/?p=52749","title":{"rendered":"\u00a1Otra mujer asesinada! Ahora en la regi\u00f3n de la Cuenca"},"content":{"rendered":"\n<p>Ismael Garc\u00eda M.\/Zona Roja.<\/p>\n\n\n\n<p>Oaxaca de Ju\u00e1rez, Oax., a 13 de marzo de 2023.- Otra mujer fue asesinada en Oaxaca y ahora fue en San Lucas Ojitl\u00e1n, municipio de la regi\u00f3n de la Cuenca. Horas antes, en Santa Cruz Xoxocotl\u00e1n fue ultimado a balazos un individuo.<\/p>\n\n\n\n<p>De acuerdo con reportes preliminares, en la localidad de Arroyo Camar\u00f3n, Ojitl\u00e1n, dos mujeres salieron anoche a realizar algunas compras a una tienda, cuando fueron agredidas a balazos.<\/p>\n\n\n\n<p>En el sitio muri\u00f3 la se\u00f1ora Martina S. P., de 45 a\u00f1os de edad, mientras que Mar\u00eda D. S. P., de 29 a\u00f1os de edad, result\u00f3 lesionada de gravedad y trasladada a un hospital.<\/p>\n\n\n\n<p>Hasta ahora se desconoce el m\u00f3vil de la agresi\u00f3n armada y no se han reportado personas detenidas.<\/p>\n\n\n\n<p>Apenas el pasado fin de semana fueron ultimadas otras mujeres en San Antonino Castillo Velasco y en el municipio de Salina Cruz, en este \u00faltimo caso con dos v\u00edctimas.<\/p>\n\n\n\n<p>EN XOXOCOTL\u00c1N<\/p>\n\n\n\n<p>En tanto, poco despu\u00e9s de las 21:00 horas de ayer, en la vialidad Camino al Sabino, de la colonia Reforma Agraria, Santa Cruz Xoxocotl\u00e1n, fue atacado a balazos un individuo, de aproximadamente 25 a\u00f1os de edad.<\/p>\n\n\n\n<p>Param\u00e9dicos de la Cruz Roja Mexicana arribaron a la zona \u2014donde tiene sede una instituci\u00f3n educativa de alto nivel, as\u00ed como una compa\u00f1\u00eda period\u00edstica y varios comercios\u2014 y dieron los primeros auxilios, pero corroboraron que ya hab\u00eda perdido la vida.<\/p>\n\n\n\n<p>La v\u00edctima no ha sido identificada hasta ahora y seg\u00fan los primeros reportes, se tratar\u00eda de un presunto \u201cnarcomenudista\u201d ejecutado, como parte de la disputa de bandas delictivas, lo cual no ha sido confirmado por las autoridades.<\/p>\n","protected":false},"excerpt":{"rendered":"<p>Ismael Garc\u00eda M.\/Zona Roja. Oaxaca de Ju\u00e1rez, Oax., a 13 de marzo de 2023.- Otra&hellip;<\/p>\n","protected":false},"author":2,"featured_media":52750,"comment_status":"closed","ping_status":"open","sticky":false,"template":"","format":"standard","meta":{"_lmt_disableupdate":"","_lmt_disable":"","_jetpack_memberships_contains_paid_content":false,"footnotes":""},"categories":[109,51],"tags":[209,133],"class_list":["post-52749","post","type-post","status-publish","format-standard","has-post-thumbnail","hentry","category-minuto-a-minuto","category-zona-roja","tag-san-lucas-ojitlan","tag-santa-cruz-xoxocotlan"],"jetpack_featured_media_url":"https:\/\/zonaroja.com.mx\/wp-content\/uploads\/2023\/03\/Ejecutado-Santa-Cruz-Xoxocotlan.jpg","jetpack_sharing_enabled":true,"_links":{"self":[{"href":"https:\/\/zonaroja.com.mx\/index.php?rest_route=\/wp\/v2\/posts\/52749","targetHints":{"allow":["GET"]}}],"collection":[{"href":"https:\/\/zonaroja.com.mx\/index.php?rest_route=\/wp\/v2\/posts"}],"about":[{"href":"https:\/\/zonaroja.com.mx\/index.php?rest_route=\/wp\/v2\/types\/post"}],"author":[{"embeddable":true,"href":"https:\/\/zonaroja.com.mx\/index.php?rest_route=\/wp\/v2\/users\/2"}],"replies":[{"embeddable":true,"href":"https:\/\/zonaroja.com.mx\/index.php?rest_route=%2Fwp%2Fv2%2Fcomments&post=52749"}],"version-history":[{"count":1,"href":"https:\/\/zonaroja.com.mx\/index.php?rest_route=\/wp\/v2\/posts\/52749\/revisions"}],"predecessor-version":[{"id":52751,"href":"https:\/\/zonaroja.com.mx\/index.php?rest_route=\/wp\/v2\/posts\/52749\/revisions\/52751"}],"wp:featuredmedia":[{"embeddable":true,"href":"https:\/\/zonaroja.com.mx\/index.php?rest_route=\/wp\/v2\/media\/52750"}],"wp:attachment":[{"href":"https:\/\/zonaroja.com.mx\/index.php?rest_route=%2Fwp%2Fv2%2Fmedia&parent=52749"}],"wp:term":[{"taxonomy":"category","embeddable":true,"href":"https:\/\/zonaroja.com.mx\/index.php?rest_route=%2Fwp%2Fv2%2Fcategories&post=52749"},{"taxonomy":"post_tag","embeddable":true,"href":"https:\/\/zonaroja.com.mx\/index.php?rest_route=%2Fwp%2Fv2%2Ftags&post=52749"}],"curies":[{"name":"wp","href":"https:\/\/api.w.org\/{rel}","templated":true}]}}