{"id":5275,"date":"2019-10-30T09:24:20","date_gmt":"2019-10-30T15:24:20","guid":{"rendered":"http:\/\/www.zonaroja.com.mx\/?p=5275"},"modified":"2019-10-30T09:24:23","modified_gmt":"2019-10-30T15:24:23","slug":"ataques-armados-reavivan-la-violencia-en-la-zona-triqui-de-oaxaca","status":"publish","type":"post","link":"https:\/\/zonaroja.com.mx\/?p=5275","title":{"rendered":"Ataques armados reavivan la violencia en la zona triqui de Oaxaca"},"content":{"rendered":"\n<p>Redacci\u00f3n\/Zona Roja.<\/p>\n\n\n\n<p>Oaxaca de Ju\u00e1rez, Oax., 30 de octubre de\n2019.- Integrantes del Movimiento Unificador de Lucha Triqui (MULT) denunciaron\nhechos violentos registrados en la comunidad de la Cieneguilla Copala, de la\ncual responsabilizan a los \u201cparamilitares\u201d del Movimiento de Unificaci\u00f3n y\nLucha Triqui Independiente (MULTI).<\/p>\n\n\n\n<p>A trav\u00e9s de las redes sociales.\ndenunciaron una balacera que inicio despu\u00e9s de las seis de la tarde de este\nmartes en la comunidad, con armas de uso exclusivo del Ej\u00e9rcito Mexicano, de lo\ncual responsabilizaron a Macario Garc\u00eda Merino en su af\u00e1n de desestabilizar a\nla naci\u00f3n triqui.<\/p>\n\n\n\n<p>\u201cEste se\u00f1or Macario \u00faltimamente ha\ngenerado mucha violencia en la regi\u00f3n con su inter\u00e9s personal de tener el\ndinero de erario p\u00fablico, lo responsabilizamos de la violencia y de la\nintegridad f\u00edsica de nuestros compa\u00f1eros de Cieneguilla\u201d, explicaron.<\/p>\n\n\n\n<p>En este sentido, rechazaron la\nprovocaci\u00f3n realizada por integrantes del MULTI en la zona, toda vez que en\nestos momentos se est\u00e1 trabajando para genera el hist\u00f3rico acuerdo de paz para\nel pueblo triqui.<\/p>\n\n\n\n<p>A la par que exigieron al Gobierno del\nEstado que act\u00fae en consecuencia para castigar a los violentos y sus grupos\nparamilitares, que insisten en usar la violencia para desestabilizar a los\npueblos triquis.<\/p>\n\n\n\n<p>El pasado 14 de octubre, tras la visita\nque realiz\u00f3 el presidente de la Rep\u00fablica, Andr\u00e9s Manuel L\u00f3pez Obrador, al\nmunicipio de Santiago Juxtlahuaca,&nbsp;\nintegrantes del MULT respaldaron la iniciativa del mandatario federal\npara generar un acuerdo paz en la zona triqui.<\/p>\n\n\n\n<p>Recordaron que en dos ocasiones han\npropuesto dicho acuerdo e incluso en el 2012 firmaron un documento que resulto\nser s\u00f3lo una simulaci\u00f3n del gobierno estatal y federal ya que no solo no\npropici\u00f3 la firma sino que el presupuesto que anunciaron no fue asignado,\nsituaci\u00f3n que caus\u00f3 mayor inseguridad, enfrentamiento y se\u00f1alamientos injustos\nen su contra.<\/p>\n\n\n\n<p>As\u00ed mismo, exigieron alto a la violencia\npor parte del MULTI, a quienes en ese entonces solicitaron retire a sus\nparamilitares de la comunidad de Ojo de Agua a fin de permitir&nbsp; el retorno seguro de los desplazados, a la\npar que hicieron un llamado a las organizaciones fraternas a pronunciarse por\nla firma de un Acuerdo con la participaci\u00f3n de todos los actores de la zona\ntriqui.<\/p>\n","protected":false},"excerpt":{"rendered":"<p>Redacci\u00f3n\/Zona Roja. Oaxaca de Ju\u00e1rez, Oax., 30 de octubre de 2019.- Integrantes del Movimiento Unificador&hellip;<\/p>\n","protected":false},"author":2,"featured_media":5276,"comment_status":"closed","ping_status":"open","sticky":false,"template":"","format":"standard","meta":{"_lmt_disableupdate":"","_lmt_disable":"","_jetpack_memberships_contains_paid_content":false,"footnotes":""},"categories":[109,51],"tags":[525],"class_list":["post-5275","post","type-post","status-publish","format-standard","has-post-thumbnail","hentry","category-minuto-a-minuto","category-zona-roja","tag-mult"],"jetpack_featured_media_url":"https:\/\/zonaroja.com.mx\/wp-content\/uploads\/2019\/10\/IMG_7389.jpg","jetpack_sharing_enabled":true,"_links":{"self":[{"href":"https:\/\/zonaroja.com.mx\/index.php?rest_route=\/wp\/v2\/posts\/5275","targetHints":{"allow":["GET"]}}],"collection":[{"href":"https:\/\/zonaroja.com.mx\/index.php?rest_route=\/wp\/v2\/posts"}],"about":[{"href":"https:\/\/zonaroja.com.mx\/index.php?rest_route=\/wp\/v2\/types\/post"}],"author":[{"embeddable":true,"href":"https:\/\/zonaroja.com.mx\/index.php?rest_route=\/wp\/v2\/users\/2"}],"replies":[{"embeddable":true,"href":"https:\/\/zonaroja.com.mx\/index.php?rest_route=%2Fwp%2Fv2%2Fcomments&post=5275"}],"version-history":[{"count":1,"href":"https:\/\/zonaroja.com.mx\/index.php?rest_route=\/wp\/v2\/posts\/5275\/revisions"}],"predecessor-version":[{"id":5277,"href":"https:\/\/zonaroja.com.mx\/index.php?rest_route=\/wp\/v2\/posts\/5275\/revisions\/5277"}],"wp:featuredmedia":[{"embeddable":true,"href":"https:\/\/zonaroja.com.mx\/index.php?rest_route=\/wp\/v2\/media\/5276"}],"wp:attachment":[{"href":"https:\/\/zonaroja.com.mx\/index.php?rest_route=%2Fwp%2Fv2%2Fmedia&parent=5275"}],"wp:term":[{"taxonomy":"category","embeddable":true,"href":"https:\/\/zonaroja.com.mx\/index.php?rest_route=%2Fwp%2Fv2%2Fcategories&post=5275"},{"taxonomy":"post_tag","embeddable":true,"href":"https:\/\/zonaroja.com.mx\/index.php?rest_route=%2Fwp%2Fv2%2Ftags&post=5275"}],"curies":[{"name":"wp","href":"https:\/\/api.w.org\/{rel}","templated":true}]}}