{"id":52755,"date":"2023-03-13T15:06:02","date_gmt":"2023-03-13T21:06:02","guid":{"rendered":"http:\/\/www.zonaroja.com.mx\/?p=52755"},"modified":"2023-03-13T18:59:29","modified_gmt":"2023-03-14T00:59:29","slug":"halla-jara-otro-culpable-de-crisis-en-su-gobierno-un-diputado-de-morena-2","status":"publish","type":"post","link":"https:\/\/zonaroja.com.mx\/?p=52755","title":{"rendered":"Halla Jara otro culpable de crisis en su gobierno: \u00a1un diputado de Morena!"},"content":{"rendered":"\n<p>Yuridiana Sosa\/Zona Roja.<\/p>\n\n\n\n<p>Oaxaca de Ju\u00e1rez, Oax., a 13 de marzo de 2023.- Ante las continuas manifestaciones violentas por parte de normalistas y egresados, que no han sido controladas por el gobierno de Oaxaca, el mandatario Salom\u00f3n Jara responsabiliz\u00f3 al diputado federal de Morena, Ir\u00e1n Santiago Manuel, de azuzar el movimiento.<\/p>\n\n\n\n<p>En conferencia matutina de este lunes, el gobernador de Oaxaca se\u00f1al\u00f3 que \u201cno hay motivos para que sigan su lucha\u201d debido a que existen mil 601 plazas disponibles; sin embargo, est\u00e1n provocando la protesta, misma que ya cumpli\u00f3 su quinta semana en la capital oaxaque\u00f1a.<\/p>\n\n\n\n<p>El gobernador abord\u00f3 el tema luego de los actos vand\u00e1licos que normalistas realizaron ayer en Palacio de Gobierno -al quemar llantas y romper vidrios- para exigir la liberaci\u00f3n de un compa\u00f1ero por parte de la Polic\u00eda Municipal; de acuerdo al certificado m\u00e9dico, el detenido se encontraba bajo los influjos de la marihuana.<\/p>\n\n\n\n<p>\u201cHay quienes provocan y como mi pecho no es bodega, entre ellos el diputado de Morena Ir\u00e1n Santiago\u201d, puntualiz\u00f3 Jara Cruz sobre el integrante de la Secci\u00f3n 22 del SNTE.&nbsp;<\/p>\n\n\n\n<p>\u201c\u00bfQu\u00e9 quiere? No lo sabemos, pero no vamos a permitir que perjudique un noble prop\u00f3sito de los normalistas, eso no lo vamos a permitir\u201d, agreg\u00f3.<\/p>\n\n\n\n<figure class=\"wp-block-embed is-type-rich is-provider-twitter wp-block-embed-twitter\"><div class=\"wp-block-embed__wrapper\">\n<div class=\"twitter-tweet\"><blockquote class=\"twitter-tweet\" data-lang=\"es\"><p lang=\"es\" dir=\"ltr\"><a href=\"https:\/\/twitter.com\/hashtag\/%C3%9AltimoMinuto?src=hash&amp;ref_src=twsrc%5Etfw\">#\u00daltimoMinuto<\/a> <br>Tras obviar la detenci\u00f3n del normalistas que hizo el <a href=\"https:\/\/twitter.com\/MunicipioSeguro?ref_src=twsrc%5Etfw\">@MunicipioSeguro<\/a>, el gobernador <a href=\"https:\/\/twitter.com\/salomonj?ref_src=twsrc%5Etfw\">@salomonj<\/a> reprob\u00f3 los actos vand\u00e1licos; denunci\u00f3 que el diputado por Morena, Ir\u00e1n Santiago \u201cy otros pol\u00edticos\u201d azuzan la violencia y dijo no permitir\u00e1 m\u00e1s acciones de ese tipo. <a href=\"https:\/\/t.co\/xveIkgv0mg\">pic.twitter.com\/xveIkgv0mg<\/a><\/p>&mdash; Zona Roja Oaxaca (@ZonaRoja_Oaxaca) <a href=\"https:\/\/twitter.com\/ZonaRoja_Oaxaca\/status\/1635303759474753537?ref_src=twsrc%5Etfw\">13 de marzo de 2023<\/a><\/blockquote><\/div>\n<\/div><\/figure>\n\n\n\n<p>CONTRADICCIONES<\/p>\n\n\n\n<p>\u201cApostamos al di\u00e1logo y a la conciliaci\u00f3n con todos los sectores, sin embargo, es importante que las cosas ya no ser\u00e1n como antes, negociaciones en los oscurito, paticas en los oscurito, se permit\u00eda en chantaje y eso no es correcto\u201d, dijo el mandatario a pesar que, por presiones de normalistas, se liber\u00f3 al detenido.<\/p>\n\n\n\n<p>Entre otra de las contradicciones del mandatario, llam\u00f3 a los normalistas a que conduzcan en el marco del respeto a la sociedad y al pueblo de Oaxaca, mientras que contra otras manifestaciones no violentas no hubo llamados de por medio y aplicaron desalojos violentos.<\/p>\n\n\n\n<p>\u201cEl uso de la violencia y atentado contra ciudadanos y patrimonio de la ciudad, no es correcto, no es saludable que un gobierno permita que se adopten pr\u00e1cticas violentas, eso no ayuda al di\u00e1logo\u201d, agreg\u00f3.<\/p>\n\n\n\n<p>INTOXICADO POR MARIHUANA&nbsp;<\/p>\n\n\n\n<p>Los desmanes de los normalistas, en los que no se aplic\u00f3 la intervenci\u00f3n policial, se desarrollaron para exigir la liberaci\u00f3n de su compa\u00f1ero identificado como Sahi Alfredo P. G., de 23 a\u00f1os de edad.<\/p>\n\n\n\n<p>El reporte indic\u00f3 que la detenci\u00f3n de la Polic\u00eda Municipal de Oaxaca de Ju\u00e1rez procedi\u00f3 ante la denuncia de una ciudadana que se\u00f1al\u00f3 al joven como responsable de un delito, esto en inmediaciones del plant\u00f3n que sostienen en la calle de Armenta y L\u00f3pez del Centro Hist\u00f3rico de Oaxaca.<\/p>\n\n\n\n<p>De acuerdo al certificado m\u00e9dico, emitido en el Cuartel de la Polic\u00eda Municipal, el normalista presentaba intoxicaci\u00f3n por marihuana y ante su detenci\u00f3n el joven actu\u00f3 de manera violenta para resistirse a su arresto, lo que provoc\u00f3 laceraciones m\u00ednimas propias de su resistencia.<\/p>\n\n\n\n<p>El normalista fue liberado a intervenci\u00f3n de Edgar Gandarillas, funcionario de la Secretar\u00eda de Gobierno de Oaxaca. <\/p>\n","protected":false},"excerpt":{"rendered":"<p>Yuridiana Sosa\/Zona Roja. Oaxaca de Ju\u00e1rez, Oax., a 13 de marzo de 2023.- Ante las&hellip;<\/p>\n","protected":false},"author":2,"featured_media":52752,"comment_status":"closed","ping_status":"open","sticky":false,"template":"","format":"standard","meta":{"_lmt_disableupdate":"","_lmt_disable":"","_jetpack_memberships_contains_paid_content":false,"footnotes":""},"categories":[109,47],"tags":[939],"class_list":["post-52755","post","type-post","status-publish","format-standard","has-post-thumbnail","hentry","category-minuto-a-minuto","category-zona-gris","tag-salomon-jara-cruz"],"jetpack_featured_media_url":"https:\/\/zonaroja.com.mx\/wp-content\/uploads\/2023\/03\/fcecb838-0127-4a2f-b4e4-920ac4264b01.jpg","jetpack_sharing_enabled":true,"_links":{"self":[{"href":"https:\/\/zonaroja.com.mx\/index.php?rest_route=\/wp\/v2\/posts\/52755","targetHints":{"allow":["GET"]}}],"collection":[{"href":"https:\/\/zonaroja.com.mx\/index.php?rest_route=\/wp\/v2\/posts"}],"about":[{"href":"https:\/\/zonaroja.com.mx\/index.php?rest_route=\/wp\/v2\/types\/post"}],"author":[{"embeddable":true,"href":"https:\/\/zonaroja.com.mx\/index.php?rest_route=\/wp\/v2\/users\/2"}],"replies":[{"embeddable":true,"href":"https:\/\/zonaroja.com.mx\/index.php?rest_route=%2Fwp%2Fv2%2Fcomments&post=52755"}],"version-history":[{"count":3,"href":"https:\/\/zonaroja.com.mx\/index.php?rest_route=\/wp\/v2\/posts\/52755\/revisions"}],"predecessor-version":[{"id":52764,"href":"https:\/\/zonaroja.com.mx\/index.php?rest_route=\/wp\/v2\/posts\/52755\/revisions\/52764"}],"wp:featuredmedia":[{"embeddable":true,"href":"https:\/\/zonaroja.com.mx\/index.php?rest_route=\/wp\/v2\/media\/52752"}],"wp:attachment":[{"href":"https:\/\/zonaroja.com.mx\/index.php?rest_route=%2Fwp%2Fv2%2Fmedia&parent=52755"}],"wp:term":[{"taxonomy":"category","embeddable":true,"href":"https:\/\/zonaroja.com.mx\/index.php?rest_route=%2Fwp%2Fv2%2Fcategories&post=52755"},{"taxonomy":"post_tag","embeddable":true,"href":"https:\/\/zonaroja.com.mx\/index.php?rest_route=%2Fwp%2Fv2%2Ftags&post=52755"}],"curies":[{"name":"wp","href":"https:\/\/api.w.org\/{rel}","templated":true}]}}