{"id":52757,"date":"2023-03-13T17:06:03","date_gmt":"2023-03-13T23:06:03","guid":{"rendered":"http:\/\/www.zonaroja.com.mx\/?p=52757"},"modified":"2023-03-13T17:06:04","modified_gmt":"2023-03-13T23:06:04","slug":"apuesta-el-cobao-por-planteles-libres-de-acoso-y-violencia-atiende-denuncias-de-alumnas","status":"publish","type":"post","link":"https:\/\/zonaroja.com.mx\/?p=52757","title":{"rendered":"Apuesta el Cobao por planteles libres de acoso y violencia; atiende denuncias de alumnas"},"content":{"rendered":"\n<p>Yuridiana Sosa\/Zona Roja.<\/p>\n\n\n\n<p>Oaxaca de Ju\u00e1rez, Oax., a 13 de marzo de 2023.- La directora general del Colegio de Bachilleres del Estado de Oaxaca (Cobao), Ver\u00f3nica Hern\u00e1ndez, acudi\u00f3 al plantel 01 de Pueblo Nuevo, ciudad capital, para atender de manera directa la denuncia que presentaron las alumnas sobre casos de acoso.<\/p>\n\n\n\n<p>Como parte de las expresiones por el D\u00eda Internacional de la Mujer, alumnas de esa instituci\u00f3n realizaron la semana pasada un \u201ctendedero\u201d de denuncia para exponer la situaci\u00f3n que padecen, principalmente por un trabajador de la cafeter\u00eda.<\/p>\n\n\n\n<p>Tras atender la situaci\u00f3n de manera institucional de forma inmediata, la directora ahora hizo acto de presencia para enfatizar a las alumnas que como Direcci\u00f3n General no \u201cvamos a tolerar ning\u00fan acto de acoso y violencia contra las alumnas\u201d.<\/p>\n\n\n\n<p>En este proceso, reafirm\u00f3 su apoyo a las estudiantes para hacer justicia, por lo que dijo que van a llegar \u201chasta las \u00faltimas consecuencias, caiga quien caiga, porque no se va a solapar a las personas enfermas que se dedican a acosar\u201d.<\/p>\n\n\n\n<p>Entre los principales compromisos del Cobao es contar espacios educativos libres de violencia y acoso, marcando un precedente en esta nueva administraci\u00f3n al contar por primera vez con una mujer al frente de esta instituci\u00f3n. &nbsp;<\/p>\n\n\n\n<p>Llam\u00f3 a las alumnas de este y otros planteles (68 en total) a no tener miedo para realizar sus denuncias, pues su compromiso es creerles siempre a las alumnas, quienes est\u00e1n en todo su derecho de protestar.<\/p>\n\n\n\n<p>Ver\u00f3nica Hern\u00e1ndez apunt\u00f3 que entre las consecuencias para los acosadores se encuentra la separaci\u00f3n del cargo o hasta la rescisi\u00f3n del contrato.<\/p>\n\n\n\n<p>INICIAN VISITAS<\/p>\n\n\n\n<p>La directora general del Cobao indic\u00f3 que a partir de este lunes inicia con una serie de visitas a los planteles para atender las denuncias, como es tambi\u00e9n el caso del Cobao en Cuil\u00e1pam.<\/p>\n\n\n\n<p>En el plantel de Pueblo Nuevo se han recibido 15 denuncias, 11 de ellas contra el trabajador de la cafeter\u00eda.<\/p>\n\n\n\n<p>Durante la atenci\u00f3n de este lunes estuvieron presentes personal de la Secretar\u00eda de la Mujer, as\u00ed como las diferentes \u00e1reas de atenci\u00f3n del plantel como de la unidad de g\u00e9nero, orientaci\u00f3n educativa, psicolog\u00eda, entre otras que se comprometieron a brindar todo el apoyo a las estudiantes.<\/p>\n\n\n\n<figure class=\"wp-block-embed is-type-rich is-provider-twitter wp-block-embed-twitter\"><div class=\"wp-block-embed__wrapper\">\n<div class=\"twitter-tweet\"><blockquote class=\"twitter-tweet\" data-lang=\"es\"><p lang=\"es\" dir=\"ltr\"><a href=\"https:\/\/twitter.com\/hashtag\/%C3%9AltimoMinuto?src=hash&amp;ref_src=twsrc%5Etfw\">#\u00daltimoMinuto<\/a><br>Esta ma\u00f1ana, la directora del <a href=\"https:\/\/twitter.com\/COBAO_GobOax?ref_src=twsrc%5Etfw\">@COBAO_GobOax<\/a>, <a href=\"https:\/\/twitter.com\/doctoravero?ref_src=twsrc%5Etfw\">@doctoravero<\/a>, acudi\u00f3 al plantel 01 a escuchar las quejas y denuncias de alumnas, registradas la semana pasada, y ofreci\u00f3 todo su acompa\u00f1amiento, adem\u00e1s de reiterar su rechazo a todo tipo de violencia contra las mujeres. <a href=\"https:\/\/t.co\/e2dyzn2bqE\">pic.twitter.com\/e2dyzn2bqE<\/a><\/p>&mdash; Zona Roja Oaxaca (@ZonaRoja_Oaxaca) <a href=\"https:\/\/twitter.com\/ZonaRoja_Oaxaca\/status\/1635293575939510278?ref_src=twsrc%5Etfw\">13 de marzo de 2023<\/a><\/blockquote><\/div>\n<\/div><\/figure>\n","protected":false},"excerpt":{"rendered":"<p>Yuridiana Sosa\/Zona Roja. Oaxaca de Ju\u00e1rez, Oax., a 13 de marzo de 2023.- La directora&hellip;<\/p>\n","protected":false},"author":2,"featured_media":52758,"comment_status":"closed","ping_status":"open","sticky":false,"template":"","format":"standard","meta":{"_lmt_disableupdate":"","_lmt_disable":"","_jetpack_memberships_contains_paid_content":false,"footnotes":""},"categories":[109,46],"tags":[2883,3397],"class_list":["post-52757","post","type-post","status-publish","format-standard","has-post-thumbnail","hentry","category-minuto-a-minuto","category-zona-blanca","tag-colegio-de-bachilleres-de-oaxaca-cobao","tag-veronica-hernandez-gonzalez"],"jetpack_featured_media_url":"https:\/\/zonaroja.com.mx\/wp-content\/uploads\/2023\/03\/Atiende-Cobo-acoso-plantel-Pueblo-Nuevo.jpeg","jetpack_sharing_enabled":true,"_links":{"self":[{"href":"https:\/\/zonaroja.com.mx\/index.php?rest_route=\/wp\/v2\/posts\/52757","targetHints":{"allow":["GET"]}}],"collection":[{"href":"https:\/\/zonaroja.com.mx\/index.php?rest_route=\/wp\/v2\/posts"}],"about":[{"href":"https:\/\/zonaroja.com.mx\/index.php?rest_route=\/wp\/v2\/types\/post"}],"author":[{"embeddable":true,"href":"https:\/\/zonaroja.com.mx\/index.php?rest_route=\/wp\/v2\/users\/2"}],"replies":[{"embeddable":true,"href":"https:\/\/zonaroja.com.mx\/index.php?rest_route=%2Fwp%2Fv2%2Fcomments&post=52757"}],"version-history":[{"count":1,"href":"https:\/\/zonaroja.com.mx\/index.php?rest_route=\/wp\/v2\/posts\/52757\/revisions"}],"predecessor-version":[{"id":52759,"href":"https:\/\/zonaroja.com.mx\/index.php?rest_route=\/wp\/v2\/posts\/52757\/revisions\/52759"}],"wp:featuredmedia":[{"embeddable":true,"href":"https:\/\/zonaroja.com.mx\/index.php?rest_route=\/wp\/v2\/media\/52758"}],"wp:attachment":[{"href":"https:\/\/zonaroja.com.mx\/index.php?rest_route=%2Fwp%2Fv2%2Fmedia&parent=52757"}],"wp:term":[{"taxonomy":"category","embeddable":true,"href":"https:\/\/zonaroja.com.mx\/index.php?rest_route=%2Fwp%2Fv2%2Fcategories&post=52757"},{"taxonomy":"post_tag","embeddable":true,"href":"https:\/\/zonaroja.com.mx\/index.php?rest_route=%2Fwp%2Fv2%2Ftags&post=52757"}],"curies":[{"name":"wp","href":"https:\/\/api.w.org\/{rel}","templated":true}]}}