{"id":52760,"date":"2023-03-13T18:46:53","date_gmt":"2023-03-14T00:46:53","guid":{"rendered":"http:\/\/www.zonaroja.com.mx\/?p=52760"},"modified":"2023-03-13T18:46:55","modified_gmt":"2023-03-14T00:46:55","slug":"triquis-vuelven-a-protestar-en-palacio-y-sego-condiciona-atencion-con-retiro","status":"publish","type":"post","link":"https:\/\/zonaroja.com.mx\/?p=52760","title":{"rendered":"Triquis vuelven a protestar en Palacio y Sego condiciona atenci\u00f3n con retiro"},"content":{"rendered":"\n<p>Yuridiana Sosa\/Zona Roja.<\/p>\n\n\n\n<p>Oaxaca de Ju\u00e1rez, Oax., a 13 de marzo de 2023.- A casi dos semanas de su violenta detenci\u00f3n por 48 horas, el grupo de ind\u00edgenas triquis que encabeza Lorena Merino volvi\u00f3 a manifestarse este lunes en Palacio de Gobierno, para exigir atenci\u00f3n a sus demandas.<\/p>\n\n\n\n<p>La lideresa se\u00f1al\u00f3 las violaciones a sus derechos humanos durante su aprehensi\u00f3n, as\u00ed como exigi\u00f3 atenci\u00f3n directa de primer nivel con el gobernador Salom\u00f3n Jara y el secretario de Gobierno, Jes\u00fas Romero, para dar soluci\u00f3n inmediata a sus planteamientos.<\/p>\n\n\n\n<p>Para retirar la protesta acompa\u00f1ada, por meg\u00e1fono y cartulinas, frente al acceso principal de la sede del Poder Ejecutivo, funcionarios del gobierno ofrecieron a los ind\u00edgenas triquis una mesa de di\u00e1logo para este martes por la tarde; de no llevarse a cabo el encuentro Lorena Merina advirti\u00f3 de regresar en un plant\u00f3n indefinido.<\/p>\n\n\n\n<p>VIOLACIONES<\/p>\n\n\n\n<p>Lorena Merino, quien fue detenida el 28 de febrero junto a sus compa\u00f1eros por medio de un desalojo violento frente a Palacio de Gobierno, asever\u00f3 que fueron violados sus derechos legales y humanos.<\/p>\n\n\n\n<p>A ella y a otras tres personas que se manifestaron las golpearon, les quitaron sus tel\u00e9fonos para revisarlos y buscar informaci\u00f3n en su contra y les negaron el derecho a una llamada durante los primeros minutos de su detenci\u00f3n, fue hasta ocho horas despu\u00e9s que pudieron hacerlo.<\/p>\n\n\n\n<p>Durante las primeras dos horas fueron llevadas a cuartel en San Bartolo Coyotepec y m\u00e1s tarde a la Fiscal\u00eda General del Estado en Ciudad Judicial.<\/p>\n\n\n\n<p>Sobre el delito por el cual fue detenida, Lorena Merino se\u00f1al\u00f3 que no les explicaron, sin embargo, el Gobierno del Estado manej\u00f3 dos versiones, la primera ofrecida por el secretario de Gobierno, Jes\u00fas Romero, referida a la venta de productos, aunque no existi\u00f3 tal actividad. La segunda, por el secretario de Seguridad estatal, Iv\u00e1n Garc\u00eda \u00c1lvarez, que dijo que fue por faltas administrativas.<\/p>\n\n\n\n<p>En su liberaci\u00f3n no hubo ning\u00fan tipo de disculpas, ni mayores cargos en su contra.<\/p>\n\n\n\n<p>\u201cNuestro \u00fanico delito fue protestar&#8230;Este gobierno no tiene la capacidad para solucionar demandas, no sabe dialogar, no sabe negociar\u201d, se\u00f1al\u00f3 la lideresa.<\/p>\n\n\n\n<p>Agreg\u00f3 que sus demandas son justicia, reubicaci\u00f3n digna y devoluci\u00f3n de mercanc\u00eda llevada en el desalojo a Palacio de Gobierno el 2 de diciembre.\u00a0<\/p>\n\n\n\n<figure class=\"wp-block-embed is-type-rich is-provider-twitter wp-block-embed-twitter\"><div class=\"wp-block-embed__wrapper\">\n<div class=\"twitter-tweet\"><blockquote class=\"twitter-tweet\" data-lang=\"es\"><p lang=\"es\" dir=\"ltr\">Frente al Palacio de Gobierno, la ind\u00edgena Triqui Lorena Merino denunci\u00f3 que violentada; acus\u00f3 negligencia del titular de la <a href=\"https:\/\/twitter.com\/SEGO_Oax?ref_src=twsrc%5Etfw\">@SEGO_Oax<\/a>, <a href=\"https:\/\/twitter.com\/jesusromerooax?ref_src=twsrc%5Etfw\">@jesusromerooax<\/a>, para atender la problem\u00e1tica con di\u00e1logo. Se\u00f1ala que fue liberada sin ofrecerle disculpas. <a href=\"https:\/\/t.co\/ZDQ6GY8BQK\">pic.twitter.com\/ZDQ6GY8BQK<\/a><\/p>&mdash; Zona Roja Oaxaca (@ZonaRoja_Oaxaca) <a href=\"https:\/\/twitter.com\/ZonaRoja_Oaxaca\/status\/1635328563997212678?ref_src=twsrc%5Etfw\">13 de marzo de 2023<\/a><\/blockquote><\/div>\n<\/div><\/figure>\n","protected":false},"excerpt":{"rendered":"<p>Yuridiana Sosa\/Zona Roja. Oaxaca de Ju\u00e1rez, Oax., a 13 de marzo de 2023.- A casi&hellip;<\/p>\n","protected":false},"author":2,"featured_media":52761,"comment_status":"closed","ping_status":"open","sticky":false,"template":"","format":"standard","meta":{"_lmt_disableupdate":"","_lmt_disable":"","_jetpack_memberships_contains_paid_content":false,"footnotes":""},"categories":[109,47],"tags":[353],"class_list":["post-52760","post","type-post","status-publish","format-standard","has-post-thumbnail","hentry","category-minuto-a-minuto","category-zona-gris","tag-lorena-merino"],"jetpack_featured_media_url":"https:\/\/zonaroja.com.mx\/wp-content\/uploads\/2023\/03\/Lorena-Merino-triquis-Palacio.jpg","jetpack_sharing_enabled":true,"_links":{"self":[{"href":"https:\/\/zonaroja.com.mx\/index.php?rest_route=\/wp\/v2\/posts\/52760","targetHints":{"allow":["GET"]}}],"collection":[{"href":"https:\/\/zonaroja.com.mx\/index.php?rest_route=\/wp\/v2\/posts"}],"about":[{"href":"https:\/\/zonaroja.com.mx\/index.php?rest_route=\/wp\/v2\/types\/post"}],"author":[{"embeddable":true,"href":"https:\/\/zonaroja.com.mx\/index.php?rest_route=\/wp\/v2\/users\/2"}],"replies":[{"embeddable":true,"href":"https:\/\/zonaroja.com.mx\/index.php?rest_route=%2Fwp%2Fv2%2Fcomments&post=52760"}],"version-history":[{"count":1,"href":"https:\/\/zonaroja.com.mx\/index.php?rest_route=\/wp\/v2\/posts\/52760\/revisions"}],"predecessor-version":[{"id":52762,"href":"https:\/\/zonaroja.com.mx\/index.php?rest_route=\/wp\/v2\/posts\/52760\/revisions\/52762"}],"wp:featuredmedia":[{"embeddable":true,"href":"https:\/\/zonaroja.com.mx\/index.php?rest_route=\/wp\/v2\/media\/52761"}],"wp:attachment":[{"href":"https:\/\/zonaroja.com.mx\/index.php?rest_route=%2Fwp%2Fv2%2Fmedia&parent=52760"}],"wp:term":[{"taxonomy":"category","embeddable":true,"href":"https:\/\/zonaroja.com.mx\/index.php?rest_route=%2Fwp%2Fv2%2Fcategories&post=52760"},{"taxonomy":"post_tag","embeddable":true,"href":"https:\/\/zonaroja.com.mx\/index.php?rest_route=%2Fwp%2Fv2%2Ftags&post=52760"}],"curies":[{"name":"wp","href":"https:\/\/api.w.org\/{rel}","templated":true}]}}