{"id":52765,"date":"2023-03-13T21:26:30","date_gmt":"2023-03-14T03:26:30","guid":{"rendered":"http:\/\/www.zonaroja.com.mx\/?p=52765"},"modified":"2023-03-13T21:26:33","modified_gmt":"2023-03-14T03:26:33","slug":"cada-vez-mas-caotica-la-primavera-oaxaquena-con-marchas-bloqueos-y-vandalismo","status":"publish","type":"post","link":"https:\/\/zonaroja.com.mx\/?p=52765","title":{"rendered":"Cada vez m\u00e1s ca\u00f3tica la \u201cPrimavera oaxaque\u00f1a\u201d, con marchas, bloqueos y vandalismo"},"content":{"rendered":"\n<p>Ismael Garc\u00eda M.\/Zona Roja.<\/p>\n\n\n\n<p>Oaxaca de Ju\u00e1rez, Oax., a 13 de marzo de 2023.- A pesar de que la ma\u00f1ana de hoy el gobernador Salom\u00f3n Jara dijo que no se tolerar\u00edan m\u00e1s actos vand\u00e1licos y que habr\u00eda castigo en caso de que sucedieran, dos hechos violentos se registraron este d\u00eda.<\/p>\n\n\n\n<p>Esta noche, estudiantes normalistas se apoderaron de seis camiones urbanos de pasajeros en la capital oaxaque\u00f1a. Con ellos se trasladaron al edificio \u201cCatalina\u201d, ubicado en la agencia de San Felipe del Agua, donde funciona una de las sedes del IEEPO.<\/p>\n\n\n\n<p>Tras ello, arrojaron piedras y cohetones, con los cuales rompieron vidrios y puertas para luego huir a bordo de las unidades de motor, de regreso al centro de la ciudad; ning\u00fan polic\u00eda, ni estatal ni municipal, hubo en la zona para detener a los presuntos delincuentes.<\/p>\n\n\n\n<figure class=\"wp-block-embed is-type-rich is-provider-twitter wp-block-embed-twitter\"><div class=\"wp-block-embed__wrapper\">\n<div class=\"twitter-tweet\"><blockquote class=\"twitter-tweet\" data-lang=\"es\"><p lang=\"es\" dir=\"ltr\"><a href=\"https:\/\/twitter.com\/hashtag\/%C3%9AltimoMinuto?src=hash&amp;ref_src=twsrc%5Etfw\">#\u00daltimoMinuto<\/a><br>\u00a1Y los normalistas se burlan otra vez del gobernador <a href=\"https:\/\/twitter.com\/salomonj?ref_src=twsrc%5Etfw\">@salomonj<\/a>!<br>Esta noche, se apoderaron de al menos seis camiones del transporte urbano.<br>En ellos se dirigieron a un edificio en la zona San Felipe del Agua, Oaxaca capital, que vandalizaron y tras lo cual huyeron. <a href=\"https:\/\/t.co\/xt7xCnCcj1\">pic.twitter.com\/xt7xCnCcj1<\/a><\/p>&mdash; Zona Roja Oaxaca (@ZonaRoja_Oaxaca) <a href=\"https:\/\/twitter.com\/ZonaRoja_Oaxaca\/status\/1635465013946187782?ref_src=twsrc%5Etfw\">14 de marzo de 2023<\/a><\/blockquote><\/div>\n<\/div><\/figure>\n\n\n\n<p>HASTA \u201cPORROS\u201d<\/p>\n\n\n\n<p>Pero por si fuera poco, cerca del mediod\u00eda, un grupo de \u201cporros\u201d encabezados por el diputado priista Freddy Gil Pineda Gopar, arrib\u00f3 a la oficina de la Secretar\u00eda de Finanzas del gobierno, ubicadas en Ciudad Judicial, San Bartolo Coyotepec, supuestamente para exigir liberaci\u00f3n de recursos.<\/p>\n\n\n\n<p>Sin embargo, ya lo esperaba otro grupo de \u201cporros\u201d, presuntamente llevados por funcionarios de Finanzas, para confrontarse con el otro grupo, lo que devino en desmanes y vandalismo en dichas oficinas.<\/p>\n\n\n\n<p>Luego de ello arribaron elementos de la Polic\u00eda Estatal y de la Agencia Estatal de Investigaciones, quienes supuestamente detuvieron a una veintena de personas, que de inmediato liberaron.<\/p>\n\n\n\n<p>Freddy Gil encar\u00f3 y ret\u00f3 a los polic\u00edas e incluso se arremang\u00f3 la camisa, listo para iniciar los golpes, pero finalmente no lo molestaron y pudo retirarse sin contratiempos.<\/p>\n\n\n\n<figure class=\"wp-block-embed is-type-rich is-provider-twitter wp-block-embed-twitter\"><div class=\"wp-block-embed__wrapper\">\n<div class=\"twitter-tweet\"><blockquote class=\"twitter-tweet\" data-lang=\"es\"><p lang=\"es\" dir=\"ltr\">Difunde el <a href=\"https:\/\/twitter.com\/GobOax?ref_src=twsrc%5Etfw\">@GobOax<\/a> video de su versi\u00f3n sobre hechos vand\u00e1licos en Ciudad Judicial, en San Bartolo Coyotepec,que protagoniz\u00f3 el diputado pri\u00edsta Freddy Gil Pineda.<br>Sin embargo, versiones contrarias aseguran que el titular de <a href=\"https:\/\/twitter.com\/SEFINGobOax?ref_src=twsrc%5Etfw\">@SEFINGobOax<\/a> llev\u00f3 sus propios \u201cporros\u201d para confrontar. <a href=\"https:\/\/t.co\/F7m0K9eB37\">pic.twitter.com\/F7m0K9eB37<\/a><\/p>&mdash; Zona Roja Oaxaca (@ZonaRoja_Oaxaca) <a href=\"https:\/\/twitter.com\/ZonaRoja_Oaxaca\/status\/1635409121708216326?ref_src=twsrc%5Etfw\">13 de marzo de 2023<\/a><\/blockquote><\/div>\n<\/div><\/figure>\n\n\n\n<p>M\u00c1S CAOS<\/p>\n\n\n\n<p>La jornada ca\u00f3tica de este lunes incluy\u00f3 un bloqueo durante todo el d\u00eda a la carretera federal 190, Oaxaca-Istmo, en el acceso a Santo Domingo Tehuantepec.<\/p>\n\n\n\n<p>Los protagonistas, padres de familia de alumnos en la escuela primaria \u201cBenito Ju\u00e1rez\u201d, que exig\u00edan apoyos para el plantel; la vialidad fue despejada por la noche.<\/p>\n\n\n\n<p>Por la ma\u00f1ana, integrantes de la Alianza de Pueblos por la Justicia Social, ofrecieron una conferencia de prensa en el z\u00f3calo, para exigir al gobernador Salom\u00f3n Jara Cruz que atendiera casos de justicia, sin precisar cu\u00e1les.<\/p>\n\n\n\n<p>Tras ello, tambi\u00e9n a esa plaza p\u00fablica arrib\u00f3 un grupo de familiares de una beb\u00e9 que fue declarada con muerte cerebral, tras probable negligencia m\u00e9dica por parte del personal del Hospital Civil \u201cDr. Aurelio Valdivieso\u201d, de los Servicios de Salud de Oaxaca.<\/p>\n\n\n\n<p>As\u00ed lo acus\u00f3 Uriel L\u00f3pez Mart\u00ednez, esposo de Esmeralda, quien sigue recibiendo atenci\u00f3n m\u00e9dica y cuya beb\u00e9, Lupita, perdi\u00f3 la vida v\u00edctima de una desatenci\u00f3n m\u00e9dica.<\/p>\n\n\n\n<p>Despu\u00e9s del mediod\u00eda, en el Instituto Tecnol\u00f3gico de Oaxaca (ITO) se registr\u00f3 otra protesta estudiantil, para denunciar casos de acoso sexual por parte de los docentes.<\/p>\n\n\n\n<p>En el exterior del plantel colocaron un \u201ctendedero\u201d en que exhibieron nombres de profesores que las acosan.<\/p>\n\n\n\n<figure class=\"wp-block-embed is-type-rich is-provider-twitter wp-block-embed-twitter\"><div class=\"wp-block-embed__wrapper\">\n<div class=\"twitter-tweet\"><blockquote class=\"twitter-tweet\" data-lang=\"es\"><p lang=\"es\" dir=\"ltr\"><a href=\"https:\/\/twitter.com\/hashtag\/%C3%9AltimoMinuto?src=hash&amp;ref_src=twsrc%5Etfw\">#\u00daltimoMinuto<\/a><br>Los \u201ctendederos\u201d de denuncias de acoso sexual contra docentes se extendi\u00f3 este lunes, ahora en el Instituto Tecnol\u00f3gico de <a href=\"https:\/\/twitter.com\/hashtag\/Oaxaca?src=hash&amp;ref_src=twsrc%5Etfw\">#Oaxaca<\/a>, con sede en la capital. <a href=\"https:\/\/t.co\/eXlcOJCGj4\">pic.twitter.com\/eXlcOJCGj4<\/a><\/p>&mdash; Zona Roja Oaxaca (@ZonaRoja_Oaxaca) <a href=\"https:\/\/twitter.com\/ZonaRoja_Oaxaca\/status\/1635377418130317319?ref_src=twsrc%5Etfw\">13 de marzo de 2023<\/a><\/blockquote><\/div>\n<\/div><\/figure>\n","protected":false},"excerpt":{"rendered":"<p>Ismael Garc\u00eda M.\/Zona Roja. Oaxaca de Ju\u00e1rez, Oax., a 13 de marzo de 2023.- A&hellip;<\/p>\n","protected":false},"author":2,"featured_media":52766,"comment_status":"closed","ping_status":"open","sticky":false,"template":"","format":"standard","meta":{"_lmt_disableupdate":"","_lmt_disable":"","_jetpack_memberships_contains_paid_content":false,"footnotes":""},"categories":[109,47],"tags":[2264],"class_list":["post-52765","post","type-post","status-publish","format-standard","has-post-thumbnail","hentry","category-minuto-a-minuto","category-zona-gris","tag-bloqueos-y-protestas-oaxaca"],"jetpack_featured_media_url":"https:\/\/zonaroja.com.mx\/wp-content\/uploads\/2023\/03\/Freedy-Gil-Pineda-en-Ciudad-Judicial.jpg","jetpack_sharing_enabled":true,"_links":{"self":[{"href":"https:\/\/zonaroja.com.mx\/index.php?rest_route=\/wp\/v2\/posts\/52765","targetHints":{"allow":["GET"]}}],"collection":[{"href":"https:\/\/zonaroja.com.mx\/index.php?rest_route=\/wp\/v2\/posts"}],"about":[{"href":"https:\/\/zonaroja.com.mx\/index.php?rest_route=\/wp\/v2\/types\/post"}],"author":[{"embeddable":true,"href":"https:\/\/zonaroja.com.mx\/index.php?rest_route=\/wp\/v2\/users\/2"}],"replies":[{"embeddable":true,"href":"https:\/\/zonaroja.com.mx\/index.php?rest_route=%2Fwp%2Fv2%2Fcomments&post=52765"}],"version-history":[{"count":1,"href":"https:\/\/zonaroja.com.mx\/index.php?rest_route=\/wp\/v2\/posts\/52765\/revisions"}],"predecessor-version":[{"id":52767,"href":"https:\/\/zonaroja.com.mx\/index.php?rest_route=\/wp\/v2\/posts\/52765\/revisions\/52767"}],"wp:featuredmedia":[{"embeddable":true,"href":"https:\/\/zonaroja.com.mx\/index.php?rest_route=\/wp\/v2\/media\/52766"}],"wp:attachment":[{"href":"https:\/\/zonaroja.com.mx\/index.php?rest_route=%2Fwp%2Fv2%2Fmedia&parent=52765"}],"wp:term":[{"taxonomy":"category","embeddable":true,"href":"https:\/\/zonaroja.com.mx\/index.php?rest_route=%2Fwp%2Fv2%2Fcategories&post=52765"},{"taxonomy":"post_tag","embeddable":true,"href":"https:\/\/zonaroja.com.mx\/index.php?rest_route=%2Fwp%2Fv2%2Ftags&post=52765"}],"curies":[{"name":"wp","href":"https:\/\/api.w.org\/{rel}","templated":true}]}}