{"id":52776,"date":"2023-03-14T08:25:00","date_gmt":"2023-03-14T14:25:00","guid":{"rendered":"http:\/\/www.zonaroja.com.mx\/?p=52776"},"modified":"2023-03-14T07:22:53","modified_gmt":"2023-03-14T13:22:53","slug":"imagen-guelaguetza-entre-irregularidades-criticas-y-memes","status":"publish","type":"post","link":"https:\/\/zonaroja.com.mx\/?p=52776","title":{"rendered":"Imagen Guelaguetza, entre irregularidades, cr\u00edticas y \u201cmemes\u201d"},"content":{"rendered":"\n<p>Ismael Garc\u00eda M.\/Zona Roja.<\/p>\n\n\n\n<p>Oaxaca de Ju\u00e1rez, Oax., a 14 de febrero de 2023.- Con violaciones a su propia convocatoria, la Secretar\u00eda de Turismo de gobierno de Oaxaca aprob\u00f3 la imagen oficial de la Guelaguetza 2023, que representa s\u00f3lo a la regi\u00f3n Cuenca y que ha desatado una ola de cr\u00edticas.<\/p>\n\n\n\n<p>Incluso, el propio Gobierno del Estado reconoci\u00f3 ayer en un comunicado que un participante particip\u00f3 con una propuesta que ya hab\u00eda presentado con anterioridad, gan\u00f3 un segundo lugar en esta ocasi\u00f3n, pero fue descalificado.<\/p>\n\n\n\n<p>La imagen ganadora presentada ayer en la conferencia de prensa del gobernador Salom\u00f3n Jara Cruz es \u00abBordados de tradici\u00f3n e identidad\u00bb, creaci\u00f3n del artista pl\u00e1stico Luis Fernando Ram\u00edrez Garc\u00eda, originario de San Lorenzo Cacaotepec, Etla.<\/p>\n\n\n\n<p>\u201cTambi\u00e9n se anunciaron las obras \u2018Dioses del Fort\u00edn\u2019, del artista Lev\u00ed Rams\u00e9s Contreras Mijangos, y \u2018El chapul\u00edn danzante\u2019, del artista Modesto Reyes L\u00f3pez, como ganadores del segundo y tercer lugar, respectivamente.<\/p>\n\n\n\n<p>Sin embargo, de acuerdo a los lineamientos de las bases de la convocatoria emitida en noviembre del 2022, la pieza \u2018Dioses del Fort\u00edn\u2019, que obtuvo el segundo lugar, qued\u00f3 descalificada, al ser una obra que particip\u00f3 en este mismo certamen en la edici\u00f3n del a\u00f1o 2021. De esta manera la obra que qued\u00f3 en cuarto lugar se recorre para ocupar el tercero\u201d, indic\u00f3 en su bolet\u00edn.<\/p>\n\n\n\n<p>LA DESCRIPCI\u00d3n<\/p>\n\n\n\n<p>El autor de la obra describi\u00f3 su trabajo ganador:<\/p>\n\n\n\n<p>\u201cEn un primer plano de la imagen, se encuentran cuatro mujeres tuxtepecanas, las cuales representan cada una de las poses ic\u00f3nicas de este baile. A su vez, se encuentran danzando sobre una j\u00edcara de madera, cuyos elementos simbolizan la naturaleza, as\u00ed como el cerro del \u2018Fort\u00edn\u2019, en donde cada a\u00f1o las regiones de la entidad realizan una muestra de sus bailes folcl\u00f3ricos.<\/p>\n\n\n\n<figure class=\"wp-block-embed is-type-rich is-provider-twitter wp-block-embed-twitter\"><div class=\"wp-block-embed__wrapper\">\n<div class=\"twitter-tweet\"><blockquote class=\"twitter-tweet\" data-lang=\"es\"><p lang=\"es\" dir=\"ltr\">\u00a1Ya tenemos la imagen oficial de nuestra <a href=\"https:\/\/twitter.com\/hashtag\/Guelaguetza2023?src=hash&amp;ref_src=twsrc%5Etfw\">#Guelaguetza2023<\/a>! Felicitamos al artista Luis Fernando Ram\u00edrez Garc\u00eda, quien realiz\u00f3 la obra \u201cBordados de Tradici\u00f3n e Identidad\u201d. Su trabajo representar\u00e1 dentro y fuera de nuestras fronteras la m\u00e1xima fiesta de las y los oaxaque\u00f1os. <a href=\"https:\/\/t.co\/Cn49k9fXts\">pic.twitter.com\/Cn49k9fXts<\/a><\/p>&mdash; Salom\u00f3n Jara Cruz (@salomonj) <a href=\"https:\/\/twitter.com\/salomonj\/status\/1635338767660900352?ref_src=twsrc%5Etfw\">13 de marzo de 2023<\/a><\/blockquote><\/div>\n<\/div><\/figure>\n\n\n\n<p>\u201cDe este mismo modo, los huipiles coloridos que portan, as\u00ed como los listones laterales que enmarcan la obra son una muestra sintetizada de figuras que representan la tradici\u00f3n y diversidad del Estado para la celebraci\u00f3n, siendo un homenaje al trabajo realizado por las y los artesanos, as\u00ed como un homenaje a los antiguos que formaron una identidad como oaxaque\u00f1os basado en un panorama de costumbres, llevados hasta la Guelaguetza\u201d.<\/p>\n\n\n\n<p>El artista de la obra ganadora del primer lugar recibi\u00f3 una retribuci\u00f3n econ\u00f3mica de 50 mil pesos.<\/p>\n\n\n\n<p>LA POL\u00c9MICA<\/p>\n\n\n\n<p>Sin embargo, apenas se dio a conocer la imagen, ayer por la ma\u00f1ana, las cr\u00edticas no esperaron, al se\u00f1alar, primero, que la imagen de la Guelaguetza 2023 s\u00f3lo representa a la regi\u00f3n Cuenca.<\/p>\n\n\n\n<p>En tanto la convocatoria, emitida en noviembre pasado, precisa que \u201cDentro de los elementos b\u00e1sicos de la obra, se deber\u00e1n representar las caracter\u00edsticas culturales, folcl\u00f3ricas, danc\u00edsticas gastron\u00f3micas y tradicionales de las ocho regiones del estado de Oaxaca\u201d.<\/p>\n\n\n\n<p>Adem\u00e1s, a\u00f1ade que \u201cEl jurado calificador estar\u00e1 integrado por expertos en artes gr\u00e1ficas, integrantes del Comit\u00e9 de Autenticidad y organizadores de las festividades\u2026 el fallo ser\u00e1 inapelable\u201d; no obstante, el Comit\u00e9 de Autenticidad fue desaparecido por el gobierno de Salom\u00f3n Jara Cruz.<\/p>\n\n\n\n<p>La convocatoria precisa tambi\u00e9n que se dar\u00e1 un apoyo econ\u00f3mico de 25 mil pesos el cual se entregar\u00e1 al finalizar las festividades de julio; ayer, el mandatario entreg\u00f3 un cheque simb\u00f3lico por 50 mil pesos.<\/p>\n\n\n\n<p>Tras ello, por la escasa representatividad de la imagen de la Guelaguetza y por las apreciaciones personales, se desat\u00f3 una ola de \u201cmemes\u201d, que incluy\u00f3 a la secretaria de Turismo, Saymi Pineda, y que incluso se le relacion\u00f3 con la figura.<\/p>\n","protected":false},"excerpt":{"rendered":"<p>Ismael Garc\u00eda M.\/Zona Roja. Oaxaca de Ju\u00e1rez, Oax., a 14 de febrero de 2023.- Con&hellip;<\/p>\n","protected":false},"author":2,"featured_media":52777,"comment_status":"closed","ping_status":"open","sticky":false,"template":"","format":"standard","meta":{"_lmt_disableupdate":"","_lmt_disable":"","_jetpack_memberships_contains_paid_content":false,"footnotes":""},"categories":[109,47],"tags":[2787],"class_list":["post-52776","post","type-post","status-publish","format-standard","has-post-thumbnail","hentry","category-minuto-a-minuto","category-zona-gris","tag-guelaguetza-oaxaca"],"jetpack_featured_media_url":"https:\/\/zonaroja.com.mx\/wp-content\/uploads\/2023\/03\/Imagen-Guelaguetza-2023.jpg","jetpack_sharing_enabled":true,"_links":{"self":[{"href":"https:\/\/zonaroja.com.mx\/index.php?rest_route=\/wp\/v2\/posts\/52776","targetHints":{"allow":["GET"]}}],"collection":[{"href":"https:\/\/zonaroja.com.mx\/index.php?rest_route=\/wp\/v2\/posts"}],"about":[{"href":"https:\/\/zonaroja.com.mx\/index.php?rest_route=\/wp\/v2\/types\/post"}],"author":[{"embeddable":true,"href":"https:\/\/zonaroja.com.mx\/index.php?rest_route=\/wp\/v2\/users\/2"}],"replies":[{"embeddable":true,"href":"https:\/\/zonaroja.com.mx\/index.php?rest_route=%2Fwp%2Fv2%2Fcomments&post=52776"}],"version-history":[{"count":1,"href":"https:\/\/zonaroja.com.mx\/index.php?rest_route=\/wp\/v2\/posts\/52776\/revisions"}],"predecessor-version":[{"id":52778,"href":"https:\/\/zonaroja.com.mx\/index.php?rest_route=\/wp\/v2\/posts\/52776\/revisions\/52778"}],"wp:featuredmedia":[{"embeddable":true,"href":"https:\/\/zonaroja.com.mx\/index.php?rest_route=\/wp\/v2\/media\/52777"}],"wp:attachment":[{"href":"https:\/\/zonaroja.com.mx\/index.php?rest_route=%2Fwp%2Fv2%2Fmedia&parent=52776"}],"wp:term":[{"taxonomy":"category","embeddable":true,"href":"https:\/\/zonaroja.com.mx\/index.php?rest_route=%2Fwp%2Fv2%2Fcategories&post=52776"},{"taxonomy":"post_tag","embeddable":true,"href":"https:\/\/zonaroja.com.mx\/index.php?rest_route=%2Fwp%2Fv2%2Ftags&post=52776"}],"curies":[{"name":"wp","href":"https:\/\/api.w.org\/{rel}","templated":true}]}}