{"id":52779,"date":"2023-03-14T09:25:00","date_gmt":"2023-03-14T15:25:00","guid":{"rendered":"http:\/\/www.zonaroja.com.mx\/?p=52779"},"modified":"2023-03-14T07:32:47","modified_gmt":"2023-03-14T13:32:47","slug":"crecen-denuncias-contra-titular-de-vialidad-y-de-seguridad-de-oaxaca-de-juarez","status":"publish","type":"post","link":"https:\/\/zonaroja.com.mx\/?p=52779","title":{"rendered":"Crecen denuncias contra titular de Vialidad y de Seguridad de Oaxaca de Ju\u00e1rez"},"content":{"rendered":"\n<p>Redacci\u00f3n\/Zona Roja.<\/p>\n\n\n\n<p>Oaxaca de Ju\u00e1rez, Oax., a 14 de marzo de 2023.- Tras el robo de m\u00e1s de 700 unidades de motor del encierro a cargo del ayuntamiento de Oaxaca de Ju\u00e1rez, el acoso y amenazas crecen en la Secretar\u00eda de Seguridad y la Direcci\u00f3n de Movilidad del ayuntamiento.<\/p>\n\n\n\n<p>Ayer el personal vial y policial de la administraci\u00f3n que encabeza Francisco Mart\u00ednez Neri pretend\u00eda realizar una protesta masiva pero fue frenada de nuevo, con amagos de despido, bajo supuesto di\u00e1logo.<\/p>\n\n\n\n<p>El fin de semana los inconformes dieron a conocer diversas irregularidades, en una carta dirigida a la S\u00edndica Primera, Nancy Belem Mota Figueroa:<\/p>\n\n\n\n<p>\u201cPersonal femenil administrativo y operativo, de la Direcci\u00f3n de Movilidad, a trav\u00e9s del presente y en anonimato, por temor a represalias del encargado del despacho de la Direcci\u00f3n de Movilidad polic\u00eda&nbsp; No\u00e9 Arnulfo Garc\u00eda cabrera, por este medio hacemos de su conocimiento, los abusos que ha venido cometiendo, seg\u00fan por \u00f3rdenes del secretario de Seguridad, Ra\u00fal \u00c1vila Ibarra.<\/p>\n\n\n\n<p>\u201cEl d\u00eda que fue nombrado, al momento de presentarse en cada \u00e1rea que conforma la direcci\u00f3n, lo hizo de manera altanera, mencionando que el no es rencoroso pero que si alguien le hace algo en el momento se calienta muy r\u00e1pido y hasta les rompe su madre; como es posible que un mando de primer nivel se exprese as\u00ed ante sus subalternos provocando miedo e incertidumbre.<\/p>\n\n\n\n<p>\u201cEn el primer d\u00eda que fue nombrado inmediatamente empez\u00f3 a realizar cambios, siguiendo las instrucciones giradas por el secretario Ra\u00fal \u00c1vila Ibarra, y en los siguientes d\u00edas contin\u00fao realizando cambios, sin que estos estuvieran justificados, inform\u00e1ndole a varias compa\u00f1eras que se atrevieron a hablar con \u00e9l para saber el motivo de su cambio, solamente obtuvieron como respuesta \u2018son \u00f3rdenes y no se hace nada\u2019.&nbsp;<\/p>\n\n\n\n<p>\u201cA tal grado que a una de las compa\u00f1eras que cambi\u00f3, la mando a citar en conjunto con el \u00e1rea jur\u00eddica, a manera de intimidaci\u00f3n, haci\u00e9ndole saber que, si no recib\u00eda su oficio, inmediatamente instruir\u00eda a la titular del \u00e1rea jur\u00eddica que le iniciase un procedimiento administrativo, va que nos regimos por nuestras propias leves y que mejor recibiera su oficio de cambio o de lo contrario le ir\u00eda peor.<\/p>\n\n\n\n<p>\u201cInformando de manera interna a su supuesto personal de confianza, que los motivos de cambio eran por instrucciones del secretario de seguridad y que la instrucci\u00f3n recibida era cambiar a toda la gente del anterior director de movilidad.<\/p>\n\n\n\n<p>Agregaron que es p\u00fablico que el comandante No\u00e9 Arnulfo Garc\u00eda, conocido con el apodo de \u201cDrag\u00f3n\u201d, \u201ces conocido por ser acosador, mis\u00f3gino y golpeador de mujeres, tiene el antecedente de haber golpeado en las instalaciones de la direcci\u00f3n, espec\u00edficamente en el \u00e1rea de motos a la compa\u00f1era Suhey, con la cual mantiene una relaci\u00f3n extramarital desde hace ya m\u00e1s de 10 a\u00f1os, y cuando la compa\u00f1era Suhey se cansa de los malos tratos que recibe y decide terminar la relaci\u00f3n, siempre la amenaza\u201d.<\/p>\n\n\n\n<p>Ante ello, demandaron la intervenci\u00f3n de organismos de derechos humanos y del presidente municipal Francisco Mart\u00ednez Neri, as\u00ed como del gobernador Salom\u00f3n Jara Cruz.<\/p>\n","protected":false},"excerpt":{"rendered":"<p>Redacci\u00f3n\/Zona Roja. Oaxaca de Ju\u00e1rez, Oax., a 14 de marzo de 2023.- Tras el robo&hellip;<\/p>\n","protected":false},"author":2,"featured_media":38044,"comment_status":"closed","ping_status":"open","sticky":false,"template":"","format":"standard","meta":{"_lmt_disableupdate":"","_lmt_disable":"","_jetpack_memberships_contains_paid_content":false,"footnotes":""},"categories":[109,47],"tags":[148],"class_list":["post-52779","post","type-post","status-publish","format-standard","has-post-thumbnail","hentry","category-minuto-a-minuto","category-zona-gris","tag-oaxaca-de-juarez"],"jetpack_featured_media_url":"https:\/\/zonaroja.com.mx\/wp-content\/uploads\/2022\/02\/Policias-municipales-protesta-ciudad-de-Oaxaca.jpg","jetpack_sharing_enabled":true,"_links":{"self":[{"href":"https:\/\/zonaroja.com.mx\/index.php?rest_route=\/wp\/v2\/posts\/52779","targetHints":{"allow":["GET"]}}],"collection":[{"href":"https:\/\/zonaroja.com.mx\/index.php?rest_route=\/wp\/v2\/posts"}],"about":[{"href":"https:\/\/zonaroja.com.mx\/index.php?rest_route=\/wp\/v2\/types\/post"}],"author":[{"embeddable":true,"href":"https:\/\/zonaroja.com.mx\/index.php?rest_route=\/wp\/v2\/users\/2"}],"replies":[{"embeddable":true,"href":"https:\/\/zonaroja.com.mx\/index.php?rest_route=%2Fwp%2Fv2%2Fcomments&post=52779"}],"version-history":[{"count":1,"href":"https:\/\/zonaroja.com.mx\/index.php?rest_route=\/wp\/v2\/posts\/52779\/revisions"}],"predecessor-version":[{"id":52780,"href":"https:\/\/zonaroja.com.mx\/index.php?rest_route=\/wp\/v2\/posts\/52779\/revisions\/52780"}],"wp:featuredmedia":[{"embeddable":true,"href":"https:\/\/zonaroja.com.mx\/index.php?rest_route=\/wp\/v2\/media\/38044"}],"wp:attachment":[{"href":"https:\/\/zonaroja.com.mx\/index.php?rest_route=%2Fwp%2Fv2%2Fmedia&parent=52779"}],"wp:term":[{"taxonomy":"category","embeddable":true,"href":"https:\/\/zonaroja.com.mx\/index.php?rest_route=%2Fwp%2Fv2%2Fcategories&post=52779"},{"taxonomy":"post_tag","embeddable":true,"href":"https:\/\/zonaroja.com.mx\/index.php?rest_route=%2Fwp%2Fv2%2Ftags&post=52779"}],"curies":[{"name":"wp","href":"https:\/\/api.w.org\/{rel}","templated":true}]}}