{"id":52781,"date":"2023-03-14T10:25:00","date_gmt":"2023-03-14T16:25:00","guid":{"rendered":"http:\/\/www.zonaroja.com.mx\/?p=52781"},"modified":"2023-03-14T08:15:36","modified_gmt":"2023-03-14T14:15:36","slug":"a-100-dias-de-gobierno-de-jara-solo-errores-deficiencia-y-mala-copia-prd","status":"publish","type":"post","link":"https:\/\/zonaroja.com.mx\/?p=52781","title":{"rendered":"A 100 d\u00edas de gobierno de Jara, s\u00f3lo errores, deficiencia y mala copia: PRD"},"content":{"rendered":"\n<p>Ismael Garc\u00eda M.\/Zona Roja.<\/p>\n\n\n\n<p>Oaxaca de Ju\u00e1rez, Oax., a 14 de marzo de 2023.- A 100 d\u00edas del gobierno de Salom\u00f3n Jara, su administraci\u00f3n s\u00f3lo se ha caracterizado por errores y deficiencias, adem\u00e1s de ser una mala copia de Andr\u00e9s Manuel L\u00f3pez Obrador, critic\u00f3 el Partido de la Revoluci\u00f3n Democr\u00e1tica en Oaxaca.<\/p>\n\n\n\n<p>\u201cSi bien, solamente dos de cada 10 Oaxaque\u00f1os votaron por el actual Gobernador del Estado, seg\u00fan nuestro sistema democr\u00e1tico, Salom\u00f3n Jara Cruz se hizo depositario de la confianza del voto del pueblo Oaxaca\u201d.<\/p>\n\n\n\n<p>Pero \u201cla alta responsabilidad encomendada y expectativas se han convertido en m\u00e1s errores y deficiencias que aciertos.&nbsp;<\/p>\n\n\n\n<p>\u201cEn estas pocas semanas solo ha sido un imitador incongruente de los actos, palabras y gestos del Presidente de la Rep\u00fablica, un opaco gobernante que ha permitido rebasarse por la total anarqu\u00eda de los funcionarios de su administraci\u00f3n que se han dedicado a realizar actos personales de promoci\u00f3n pol\u00edtica rumbo al 2024 utilizando los recursos p\u00fablicos que tienen a su cargo en cada una de las dependencias, en perjuicio y agravio de las y los Oaxaque\u00f1os.<\/p>\n\n\n\n<p>\u201cEl falso discurso de no mentir, no robar y no traicionar, se ha traducido en el compadrazgo y amiguismo, en la designaci\u00f3n, actuaci\u00f3n e incapacidad de la mayor\u00eda de los funcionarios p\u00fablicos, as\u00ed como en la ostentosidad y los lujos que alardean estos funcionarios que debieran vivir en la justa median\u00eda y en la austeridad de los recursos p\u00fablicos\u201d, indic\u00f3 a trav\u00e9s de un posicionamiento.<\/p>\n\n\n\n<p>La dirigencia estatal destac\u00f3 que el Estado enfrenta una crisis in\u00e9dita en su historia, \u201cno solo padece la corrupci\u00f3n y los sangrientos asesinatos de ni\u00f1as, ni\u00f1os, hombres y mujeres en Juxtlahuaca, Amoltepec, Xoxocotl\u00e1n, Salina Cruz.<\/p>\n\n\n\n<p>\u201cSino tambi\u00e9n la generalizaci\u00f3n de la delincuencia alimentada por el hambre y por la falta de oportunidades, ajustes de cuentas entre los grupos de poder, el crecimiento inaudito de los feminicidios, el abandono de nuestro campo, de la educaci\u00f3n, la salud, la infraestructura social, el detrimento del nivel de vida de las grandes mayor\u00edas de la poblaci\u00f3n, la violaci\u00f3n a la independencia del poder judicial y legislativo; y sobre todo la represi\u00f3n a las y los actores pol\u00edticos, convirtiendo a este gobierno en un r\u00e9gimen autoritario al estilo de las m\u00e1s<\/p>\n\n\n\n<p>sangrientas dictaduras.<\/p>\n\n\n\n<p>El PRD abund\u00f3 que es oportuno hacer estos se\u00f1alamientos en ejercicio de cr\u00edtica constructiva y de reflexi\u00f3n colectiva, por lo cual manifest\u00f3 que este gobierno tiene la oportunidad hist\u00f3rica para fortalecer las instituciones, sin sesgos partidistas o pol\u00edticos, con respeto, en libertad, y sin mayor inter\u00e9s que servir y defender al pueblo, recuperar la seguridad, la convivencia en pac\u00edfica y arm\u00f3nica, trabajar por m\u00e1s y mejor educaci\u00f3n y servicios de salud, por abatir los \u00edndices de pobreza, por acortar las distancias en la distribuci\u00f3n de la riqueza, por generar mayores oportunidades de superaci\u00f3n para todos.<\/p>\n","protected":false},"excerpt":{"rendered":"<p>Ismael Garc\u00eda M.\/Zona Roja. Oaxaca de Ju\u00e1rez, Oax., a 14 de marzo de 2023.- A&hellip;<\/p>\n","protected":false},"author":2,"featured_media":52783,"comment_status":"closed","ping_status":"open","sticky":false,"template":"","format":"standard","meta":{"_lmt_disableupdate":"","_lmt_disable":"","_jetpack_memberships_contains_paid_content":false,"footnotes":""},"categories":[109,47],"tags":[2528],"class_list":["post-52781","post","type-post","status-publish","format-standard","has-post-thumbnail","hentry","category-minuto-a-minuto","category-zona-gris","tag-partido-de-la-revolucion-democratica-prd-oaxaca"],"jetpack_featured_media_url":"https:\/\/zonaroja.com.mx\/wp-content\/uploads\/2023\/03\/Posicionamiento-PRD-caso-Salomon-Jara.jpg","jetpack_sharing_enabled":true,"_links":{"self":[{"href":"https:\/\/zonaroja.com.mx\/index.php?rest_route=\/wp\/v2\/posts\/52781","targetHints":{"allow":["GET"]}}],"collection":[{"href":"https:\/\/zonaroja.com.mx\/index.php?rest_route=\/wp\/v2\/posts"}],"about":[{"href":"https:\/\/zonaroja.com.mx\/index.php?rest_route=\/wp\/v2\/types\/post"}],"author":[{"embeddable":true,"href":"https:\/\/zonaroja.com.mx\/index.php?rest_route=\/wp\/v2\/users\/2"}],"replies":[{"embeddable":true,"href":"https:\/\/zonaroja.com.mx\/index.php?rest_route=%2Fwp%2Fv2%2Fcomments&post=52781"}],"version-history":[{"count":1,"href":"https:\/\/zonaroja.com.mx\/index.php?rest_route=\/wp\/v2\/posts\/52781\/revisions"}],"predecessor-version":[{"id":52784,"href":"https:\/\/zonaroja.com.mx\/index.php?rest_route=\/wp\/v2\/posts\/52781\/revisions\/52784"}],"wp:featuredmedia":[{"embeddable":true,"href":"https:\/\/zonaroja.com.mx\/index.php?rest_route=\/wp\/v2\/media\/52783"}],"wp:attachment":[{"href":"https:\/\/zonaroja.com.mx\/index.php?rest_route=%2Fwp%2Fv2%2Fmedia&parent=52781"}],"wp:term":[{"taxonomy":"category","embeddable":true,"href":"https:\/\/zonaroja.com.mx\/index.php?rest_route=%2Fwp%2Fv2%2Fcategories&post=52781"},{"taxonomy":"post_tag","embeddable":true,"href":"https:\/\/zonaroja.com.mx\/index.php?rest_route=%2Fwp%2Fv2%2Ftags&post=52781"}],"curies":[{"name":"wp","href":"https:\/\/api.w.org\/{rel}","templated":true}]}}