{"id":52785,"date":"2023-03-14T08:18:16","date_gmt":"2023-03-14T14:18:16","guid":{"rendered":"http:\/\/www.zonaroja.com.mx\/?p=52785"},"modified":"2023-03-14T08:18:18","modified_gmt":"2023-03-14T14:18:18","slug":"invalida-la-suprema-corte-decreto-que-afectaba-paridad-de-genero-en-oaxaca","status":"publish","type":"post","link":"https:\/\/zonaroja.com.mx\/?p=52785","title":{"rendered":"Invalida la Suprema Corte decreto que afectaba paridad de g\u00e9nero en Oaxaca"},"content":{"rendered":"\n<p>Redacci\u00f3n\/Zona Roja Cdmx.<\/p>\n\n\n\n<p>Ciudad de M\u00e9xico, a 14 de marzo de 2023.- El Pleno de la Suprema Corte de Justicia de la Naci\u00f3n (SCJN), como resultado del an\u00e1lisis de las impugnaciones de la Comisi\u00f3n Nacional de los Derechos Humanos y del partido pol\u00edtico local Nueva Alianza Oaxaca, invalid\u00f3 el Decreto n\u00famero 698, publicado el 25 de octubre de 2022, por medio del cual se reform\u00f3 el art\u00edculo transitorio tercero del Decreto n\u00famero 1511, publicado el 28 de mayo de 2020, que a su vez reform\u00f3 diversas disposiciones en materia de paridad y prevenci\u00f3n, atenci\u00f3n, sanci\u00f3n y erradicaci\u00f3n de la violencia pol\u00edtica en raz\u00f3n de g\u00e9nero, contenidas en la Ley de Instituciones y Procedimientos Electorales del Estado de Oaxaca.<\/p>\n\n\n\n<p>El art\u00edculo tercero transitorio del Decreto 1511 preve\u00eda que para el cumplimiento de los art\u00edculos 15, 24, 32 y 52 de dicha ley, respecto de la paridad en sistemas normativos internos o indigenas, esta ser\u00eda gradual, logrando su cabal cumplimiento en el a\u00f1o 2023. Sin embargo, la reforma contenida en el Decreto 698 elimin\u00f3 la porci\u00f3n referida a lograr su cabal cumplimiento en la mencionada anualidad.<\/p>\n\n\n\n<p>La SCJN concluy\u00f3 que el decreto impugnado fue emitido mientras se desarrollaban los procesos electorales ordinarios en 415 municipios regidos por sistemas normativos indigenas, con lo que se contravino la disposici\u00f3n del art\u00edculo 105, fracci\u00f3n II, pen\u00faltimo p\u00e1rrafo, de la Constituci\u00f3n General, que se\u00f1ala que las leyes electorales federal y locales deber\u00e1n promulgarse y publicarse por lo menos noventa d\u00edas antes de que comience el proceso electoral en el que vayan a aplicarse, sin que durante \u00e9ste pueda haber modificaciones legales fundamentales.<\/p>\n\n\n\n<p>Con el fin de dar certeza al proceso electoral, el Pleno decret\u00f3 la reviviscencia, es decir, el restablecimiento de la vigencia del texto del art\u00edculo tercero transitorio del Decreto n\u00famero 1511, a fin de mantener la obligaci\u00f3n en el sentido de que la paridad de g\u00e9nero en sistemas normativos internos o indigenas se alcance en el presente a\u00f1o.<\/p>\n\n\n\n<p>Acciones de inconstitucionalidad 161\/2022 y su acumulada 162\/2022, promovidas por la Comisi\u00f3n Nacional de los Derechos Humanos y el partido pol\u00edtico local Nueva Alianza Oaxaca, demandando la invalidez del<\/p>\n\n\n\n<p>Decreto 698 mediante el cual se reforma \u00abel art\u00edculo transitorio tercero del Decreto n\u00famero 1511 expedido el 28 de mayo de 2020 por la Sexag\u00e9sima Cuarta Legislatura Constitucional del Estado Libre y Soberano de Oaxaca y publicado en el Peri\u00f3dico Oficial del Gobierno del Estado de Oaxaca con fecha 30 de mayo del a\u00f1o 2020; que reform\u00f3 diversas disposiciones de la Ley de Instituciones y Procedimientos Electorales del Estado de Oaxaca en materia de paridad y prevenci\u00f3n, atenci\u00f3n, sanci\u00f3n y erradicaci\u00f3n de la violencia pol\u00edtica en raz\u00f3n de g\u00e9nero\u00bb, publicado en el Peri\u00f3dico Oficial de esa entidad de 25 de octubre de 2022.&nbsp;<\/p>\n","protected":false},"excerpt":{"rendered":"<p>Redacci\u00f3n\/Zona Roja Cdmx. Ciudad de M\u00e9xico, a 14 de marzo de 2023.- El Pleno de&hellip;<\/p>\n","protected":false},"author":2,"featured_media":35404,"comment_status":"closed","ping_status":"open","sticky":false,"template":"","format":"standard","meta":{"_lmt_disableupdate":"","_lmt_disable":"","_jetpack_memberships_contains_paid_content":false,"footnotes":""},"categories":[109,47],"tags":[2878],"class_list":["post-52785","post","type-post","status-publish","format-standard","has-post-thumbnail","hentry","category-minuto-a-minuto","category-zona-gris","tag-suprema-corte-de-justicia-de-la-nacion-scjn"],"jetpack_featured_media_url":"https:\/\/zonaroja.com.mx\/wp-content\/uploads\/2021\/12\/SCJN-sesion.jpg","jetpack_sharing_enabled":true,"_links":{"self":[{"href":"https:\/\/zonaroja.com.mx\/index.php?rest_route=\/wp\/v2\/posts\/52785","targetHints":{"allow":["GET"]}}],"collection":[{"href":"https:\/\/zonaroja.com.mx\/index.php?rest_route=\/wp\/v2\/posts"}],"about":[{"href":"https:\/\/zonaroja.com.mx\/index.php?rest_route=\/wp\/v2\/types\/post"}],"author":[{"embeddable":true,"href":"https:\/\/zonaroja.com.mx\/index.php?rest_route=\/wp\/v2\/users\/2"}],"replies":[{"embeddable":true,"href":"https:\/\/zonaroja.com.mx\/index.php?rest_route=%2Fwp%2Fv2%2Fcomments&post=52785"}],"version-history":[{"count":1,"href":"https:\/\/zonaroja.com.mx\/index.php?rest_route=\/wp\/v2\/posts\/52785\/revisions"}],"predecessor-version":[{"id":52786,"href":"https:\/\/zonaroja.com.mx\/index.php?rest_route=\/wp\/v2\/posts\/52785\/revisions\/52786"}],"wp:featuredmedia":[{"embeddable":true,"href":"https:\/\/zonaroja.com.mx\/index.php?rest_route=\/wp\/v2\/media\/35404"}],"wp:attachment":[{"href":"https:\/\/zonaroja.com.mx\/index.php?rest_route=%2Fwp%2Fv2%2Fmedia&parent=52785"}],"wp:term":[{"taxonomy":"category","embeddable":true,"href":"https:\/\/zonaroja.com.mx\/index.php?rest_route=%2Fwp%2Fv2%2Fcategories&post=52785"},{"taxonomy":"post_tag","embeddable":true,"href":"https:\/\/zonaroja.com.mx\/index.php?rest_route=%2Fwp%2Fv2%2Ftags&post=52785"}],"curies":[{"name":"wp","href":"https:\/\/api.w.org\/{rel}","templated":true}]}}